{"id":30994,"date":"2025-03-19T09:19:42","date_gmt":"2025-03-19T08:19:42","guid":{"rendered":"https:\/\/imefy.com\/nuevas-becas-en-honor-a-gianluigi-sigaudi\/"},"modified":"2025-03-25T09:37:27","modified_gmt":"2025-03-25T08:37:27","slug":"neue-stipendien-zu-ehren-von-gianluigi-sigaudi","status":"publish","type":"post","link":"https:\/\/imefy.com\/de\/neue-stipendien-zu-ehren-von-gianluigi-sigaudi\/","title":{"rendered":"IMEFY f\u00f6rdert junge Talente mit neuen Stipendien zu Ehren von Gianluigi Sigaudi"},"content":{"rendered":"<p data-start=\"5278\" data-end=\"5624\">Getreu seinem Engagement f\u00fcr akademische Bildung und Exzellenz ehrt IMEFY weiterhin das Andenken des Beratungsingenieurs Gianluigi Sigaudi mit seinem Stipendienprogramm. Dieses Mal sind die Empf\u00e4nger Francesca Gregorio und Damiano Prezioso, zwei herausragende Studierende des Polytechnikums Turin und Mitglieder des Universit\u00e4tskollegs Einaudi.<\/p>\n<h3 data-start=\"5626\" data-end=\"5699\">Francesca Gregorio: Leidenschaft f\u00fcr Mathematik und Innovation<\/h3>\n<p><img loading=\"lazy\" decoding=\"async\" class=\" wp-image-30981 alignleft\" src=\"https:\/\/imefy.com\/wp-content\/uploads\/2025\/03\/francesca-gregorio-imefy-193x300.png\" alt=\"imefy-becas-alumnos\" width=\"170\" height=\"264\" srcset=\"https:\/\/imefy.com\/wp-content\/uploads\/2025\/03\/francesca-gregorio-imefy-97x150.png 97w, https:\/\/imefy.com\/wp-content\/uploads\/2025\/03\/francesca-gregorio-imefy-193x300.png 193w, https:\/\/imefy.com\/wp-content\/uploads\/2025\/03\/francesca-gregorio-imefy.png 260w\" sizes=\"auto, (max-width: 170px) 100vw, 170px\" \/>Francesca Gregorio, urspr\u00fcnglich aus Villafalletto, zog nach Turin, um ein Bachelorstudium in \u201eMathematik f\u00fcr Ingenieurwesen\u201c am Polytechnikum Turin zu absolvieren. Ihre Faszination f\u00fcr die Verbindung zwischen theoretischer Strenge und praktischer Anwendung hat sie dazu gebracht, an Exzellenzprogrammen wie dem Intraprendenti-Projekt des Polytechnikums und dem Allievi-Programm des Carlo-Alberto-Kollegs teilzunehmen. Sie interessiert sich besonders f\u00fcr K\u00fcnstliche Intelligenz, Optimierung und Data Science, Bereiche, in denen sie sich w\u00e4hrend ihres Masterstudiums und m\u00f6glicherweise einer Promotion spezialisieren m\u00f6chte.<\/p>\n<p>&nbsp;<\/p>\n<p>&nbsp;<\/p>\n<p>&nbsp;<\/p>\n<p>&nbsp;<\/p>\n<div class=\"fusion-image-carousel fusion-image-carousel-auto fusion-image-carousel-1 fusion-carousel-border\"><div class=\"awb-carousel awb-swiper awb-swiper-carousel awb-carousel--carousel awb-swiper-dots-position-bottom\" data-layout=\"carousel\" data-autoplay=\"no\" data-autoplayspeed=\"2500\" data-autoplaypause=\"no\" data-loop=\"yes\" data-columns=\"1\" data-columnsmedium=\"1\" data-columnssmall=\"1\" data-itemmargin=\"13\" data-itemwidth=\"180\" data-touchscroll=\"no\" data-freemode=\"no\" data-imagesize=\"auto\" data-scrollitems=\"0\" data-centeredslides=\"no\" data-rotationangle=\"50\" data-depth=\"100\" data-speed=\"500\" data-shadow=\"no\" data-pagination=\"bullets\" style=\"--awb-columns:1;--awb-border-width:1px;--awb-border-color:#e9eaee;\"><div class=\"swiper-wrapper awb-image-carousel-wrapper fusion-flex-align-items-center\"><div class=\"swiper-slide\"><div class=\"fusion-carousel-item-wrapper\"><div class=\"fusion-image-wrapper hover-type-none\"><img loading=\"lazy\" decoding=\"async\" width=\"1200\" height=\"630\" src=\"https:\/\/imefy.com\/wp-content\/uploads\/2025\/03\/premiazione-imefy-einaudi.jpg\" class=\"attachment-full size-full\" alt=\"\" srcset=\"https:\/\/imefy.com\/wp-content\/uploads\/2025\/03\/premiazione-imefy-einaudi-150x79.jpg 150w, https:\/\/imefy.com\/wp-content\/uploads\/2025\/03\/premiazione-imefy-einaudi-300x158.jpg 300w, https:\/\/imefy.com\/wp-content\/uploads\/2025\/03\/premiazione-imefy-einaudi-320x168.jpg 320w, https:\/\/imefy.com\/wp-content\/uploads\/2025\/03\/premiazione-imefy-einaudi-400x210.jpg 400w, https:\/\/imefy.com\/wp-content\/uploads\/2025\/03\/premiazione-imefy-einaudi-600x315.jpg 600w, https:\/\/imefy.com\/wp-content\/uploads\/2025\/03\/premiazione-imefy-einaudi-669x351.jpg 669w, https:\/\/imefy.com\/wp-content\/uploads\/2025\/03\/premiazione-imefy-einaudi-700x368.jpg 700w, https:\/\/imefy.com\/wp-content\/uploads\/2025\/03\/premiazione-imefy-einaudi-768x403.jpg 768w, https:\/\/imefy.com\/wp-content\/uploads\/2025\/03\/premiazione-imefy-einaudi-800x420.jpg 800w, https:\/\/imefy.com\/wp-content\/uploads\/2025\/03\/premiazione-imefy-einaudi-1024x538.jpg 1024w, https:\/\/imefy.com\/wp-content\/uploads\/2025\/03\/premiazione-imefy-einaudi.jpg 1200w\" sizes=\"auto, (max-width: 1200px) 100vw, 1200px\" \/><\/div><\/div><\/div><div class=\"swiper-slide\"><div class=\"fusion-carousel-item-wrapper\"><div class=\"fusion-image-wrapper hover-type-none\"><img loading=\"lazy\" decoding=\"async\" width=\"1200\" height=\"630\" src=\"https:\/\/imefy.com\/wp-content\/uploads\/2025\/03\/francesca-gregorio-einaudi.jpg\" class=\"attachment-full size-full\" alt=\"\" srcset=\"https:\/\/imefy.com\/wp-content\/uploads\/2025\/03\/francesca-gregorio-einaudi-150x79.jpg 150w, https:\/\/imefy.com\/wp-content\/uploads\/2025\/03\/francesca-gregorio-einaudi-300x158.jpg 300w, https:\/\/imefy.com\/wp-content\/uploads\/2025\/03\/francesca-gregorio-einaudi-320x168.jpg 320w, https:\/\/imefy.com\/wp-content\/uploads\/2025\/03\/francesca-gregorio-einaudi-400x210.jpg 400w, https:\/\/imefy.com\/wp-content\/uploads\/2025\/03\/francesca-gregorio-einaudi-600x315.jpg 600w, https:\/\/imefy.com\/wp-content\/uploads\/2025\/03\/francesca-gregorio-einaudi-669x351.jpg 669w, https:\/\/imefy.com\/wp-content\/uploads\/2025\/03\/francesca-gregorio-einaudi-700x368.jpg 700w, https:\/\/imefy.com\/wp-content\/uploads\/2025\/03\/francesca-gregorio-einaudi-768x403.jpg 768w, https:\/\/imefy.com\/wp-content\/uploads\/2025\/03\/francesca-gregorio-einaudi-800x420.jpg 800w, https:\/\/imefy.com\/wp-content\/uploads\/2025\/03\/francesca-gregorio-einaudi-1024x538.jpg 1024w, https:\/\/imefy.com\/wp-content\/uploads\/2025\/03\/francesca-gregorio-einaudi.jpg 1200w\" sizes=\"auto, (max-width: 1200px) 100vw, 1200px\" \/><\/div><\/div><\/div><\/div><div class=\"awb-swiper-button awb-swiper-button-prev\"><i class=\"awb-icon-angle-left\" aria-hidden=\"true\"><\/i><\/div><div class=\"awb-swiper-button awb-swiper-button-next\"><i class=\"awb-icon-angle-right\" aria-hidden=\"true\"><\/i><\/div><\/div><\/div>\n<h3 data-start=\"6328\" data-end=\"6415\">Damiano Prezioso: Luft- und Raumfahrttechnik mit internationaler Ausrichtung<\/h3>\n<p><img loading=\"lazy\" decoding=\"async\" class=\" wp-image-30986 alignright\" src=\"https:\/\/imefy.com\/wp-content\/uploads\/2025\/03\/damiano-prezioso-imefy-225x300.png\" alt=\"damiano-prezioso-imefy\" width=\"173\" height=\"230\" srcset=\"https:\/\/imefy.com\/wp-content\/uploads\/2025\/03\/damiano-prezioso-imefy-113x150.png 113w, https:\/\/imefy.com\/wp-content\/uploads\/2025\/03\/damiano-prezioso-imefy-225x300.png 225w, https:\/\/imefy.com\/wp-content\/uploads\/2025\/03\/damiano-prezioso-imefy.png 312w\" sizes=\"auto, (max-width: 173px) 100vw, 173px\" \/><\/p>\n<p data-start=\"1486\" data-end=\"1952\">Damiano Prezioso, Masterstudent im letzten Jahr des Studiengangs Luft- und Raumfahrttechnik, wuchs in Bra (Piemont) auf und lebt seit seinem zweiten Studienjahr im Universit\u00e4tskolleg Einaudi. Mit gro\u00dfer Leidenschaft f\u00fcr die Erforschung des Weltraums hat er sein Studium auf diesen Bereich ausgerichtet und sucht derzeit nach M\u00f6glichkeiten, seine Masterarbeit im Ausland zu schreiben \u2013 ein Ziel, bei dem ihm dieses Stipendium eine wertvolle Unterst\u00fctzung sein wird.<\/p>\n<p data-start=\"1954\" data-end=\"2244\">Neben seiner akademischen Ausbildung ist Damiano auch musikbegeistert und hat an der Organisation von Festivals wie dem Artico Festival in Bra mitgewirkt. Au\u00dferdem engagiert er sich ehrenamtlich in der Jugendarbeit im Alpinismus und zeigt damit sein starkes gesellschaftliches Engagement.<\/p>\n<h3 data-start=\"6845\" data-end=\"6893\"><strong data-start=\"6849\" data-end=\"6891\">Ein Verm\u00e4chtnis, das die Zukunft pr\u00e4gt<\/strong><\/h3>\n<p data-start=\"2301\" data-end=\"2744\">IMEFY bekr\u00e4ftigt sein Engagement f\u00fcr Bildung und die F\u00f6rderung junger Talente, indem es das Erbe von Gianluigi Sigaudi mit diesen Stipendien lebendig h\u00e4lt. Die Zusammenarbeit mit dem Universit\u00e4tskolleg Einaudi st\u00e4rkt weiterhin die Verbindung zwischen Industrie und Wissenschaft und bietet Studierenden wie Francesca und Damiano die M\u00f6glichkeit, ihre Ziele zu erreichen und mit ihrem Wissen zur Weiterentwicklung der Gesellschaft beizutragen.<\/p>\n","protected":false},"excerpt":{"rendered":"<p>Getreu seinem Engagement f\u00fcr akademische Bildung und Exzellenz ehrt IMEFY weiterhin das Andenken des Beratungsingenieurs Gianluigi Sigaudi mit seinem Stipendienprogramm. Dieses Mal sind  [&#8230;]<\/p>\n","protected":false},"author":10,"featured_media":30979,"comment_status":"closed","ping_status":"closed","sticky":false,"template":"","format":"standard","meta":{"footnotes":""},"categories":[486,250],"tags":[],"class_list":["post-30994","post","type-post","status-publish","format-standard","has-post-thumbnail","hentry","category-2025-de","category-rsc"],"yoast_head":"<!-- This site is optimized with the Yoast SEO Premium plugin v27.4 (Yoast SEO v27.4) - https:\/\/yoast.com\/product\/yoast-seo-premium-wordpress\/ -->\n<title>IMEFY f\u00f6rdert junge Talente mit neuen Stipendien zu Ehren von Gianluigi Sigaudi<\/title>\n<meta name=\"description\" content=\"IMEFY f\u00fchrt zu Ehren von Gianluigi Sigaudi neue Stipendien ein, um junge Talente mit Bildungschancen zu unterst\u00fctzen und zu f\u00f6rdern.\" \/>\n<meta name=\"robots\" content=\"index, follow, max-snippet:-1, max-image-preview:large, max-video-preview:-1\" \/>\n<link rel=\"canonical\" href=\"https:\/\/imefy.com\/de\/neue-stipendien-zu-ehren-von-gianluigi-sigaudi\/\" \/>\n<meta property=\"og:locale\" content=\"de_DE\" \/>\n<meta property=\"og:type\" content=\"article\" \/>\n<meta property=\"og:title\" content=\"IMEFY f\u00f6rdert junge Talente mit neuen Stipendien zu Ehren von Gianluigi Sigaudi\" \/>\n<meta property=\"og:description\" content=\"IMEFY f\u00fchrt zu Ehren von Gianluigi Sigaudi neue Stipendien ein, um junge Talente mit Bildungschancen zu unterst\u00fctzen und zu f\u00f6rdern.\" \/>\n<meta property=\"og:url\" content=\"https:\/\/imefy.com\/de\/neue-stipendien-zu-ehren-von-gianluigi-sigaudi\/\" \/>\n<meta property=\"og:site_name\" content=\"IMEFY\" \/>\n<meta property=\"article:publisher\" content=\"https:\/\/www.facebook.com\/pages\/Imefy-Group\/852590684780185\" \/>\n<meta property=\"article:published_time\" content=\"2025-03-19T08:19:42+00:00\" \/>\n<meta property=\"article:modified_time\" content=\"2025-03-25T08:37:27+00:00\" \/>\n<meta property=\"og:image\" content=\"https:\/\/imefy.com\/wp-content\/uploads\/2025\/03\/becas-colegio-imefy.png\" \/>\n\t<meta property=\"og:image:width\" content=\"1200\" \/>\n\t<meta property=\"og:image:height\" content=\"630\" \/>\n\t<meta property=\"og:image:type\" content=\"image\/png\" \/>\n<meta name=\"author\" content=\"jdiaz\" \/>\n<meta name=\"twitter:card\" content=\"summary_large_image\" \/>\n<meta name=\"twitter:description\" content=\"IMEFY f\u00fchrt zu Ehren von Gianluigi Sigaudi neue Stipendien ein, um junge Talente mit Bildungschancen zu unterst\u00fctzen und zu f\u00f6rdern.\" \/>\n<meta name=\"twitter:creator\" content=\"@imefygroup\" \/>\n<meta name=\"twitter:site\" content=\"@imefygroup\" \/>\n<meta name=\"twitter:label1\" content=\"Verfasst von\" \/>\n\t<meta name=\"twitter:data1\" content=\"jdiaz\" \/>\n\t<meta name=\"twitter:label2\" content=\"Gesch\u00e4tzte Lesezeit\" \/>\n\t<meta name=\"twitter:data2\" content=\"2\u00a0Minuten\" \/>\n<script type=\"application\/ld+json\" class=\"yoast-schema-graph\">{\"@context\":\"https:\\\/\\\/schema.org\",\"@graph\":[{\"@type\":\"Article\",\"@id\":\"https:\\\/\\\/imefy.com\\\/de\\\/neue-stipendien-zu-ehren-von-gianluigi-sigaudi\\\/#article\",\"isPartOf\":{\"@id\":\"https:\\\/\\\/imefy.com\\\/de\\\/neue-stipendien-zu-ehren-von-gianluigi-sigaudi\\\/\"},\"author\":{\"name\":\"jdiaz\",\"@id\":\"\\\/#\\\/schema\\\/person\\\/499fc19124d91e01b34e4037e8253198\"},\"headline\":\"IMEFY f\u00f6rdert junge Talente mit neuen Stipendien zu Ehren von Gianluigi Sigaudi\",\"datePublished\":\"2025-03-19T08:19:42+00:00\",\"dateModified\":\"2025-03-25T08:37:27+00:00\",\"mainEntityOfPage\":{\"@id\":\"https:\\\/\\\/imefy.com\\\/de\\\/neue-stipendien-zu-ehren-von-gianluigi-sigaudi\\\/\"},\"wordCount\":538,\"image\":{\"@id\":\"https:\\\/\\\/imefy.com\\\/de\\\/neue-stipendien-zu-ehren-von-gianluigi-sigaudi\\\/#primaryimage\"},\"thumbnailUrl\":\"https:\\\/\\\/imefy.com\\\/wp-content\\\/uploads\\\/2025\\\/03\\\/becas-colegio-imefy.png\",\"articleSection\":[\"2025\",\"RSC\"],\"inLanguage\":\"de\"},{\"@type\":\"WebPage\",\"@id\":\"https:\\\/\\\/imefy.com\\\/de\\\/neue-stipendien-zu-ehren-von-gianluigi-sigaudi\\\/\",\"url\":\"https:\\\/\\\/imefy.com\\\/de\\\/neue-stipendien-zu-ehren-von-gianluigi-sigaudi\\\/\",\"name\":\"IMEFY f\u00f6rdert junge Talente mit neuen Stipendien zu Ehren von Gianluigi Sigaudi\",\"isPartOf\":{\"@id\":\"\\\/#website\"},\"primaryImageOfPage\":{\"@id\":\"https:\\\/\\\/imefy.com\\\/de\\\/neue-stipendien-zu-ehren-von-gianluigi-sigaudi\\\/#primaryimage\"},\"image\":{\"@id\":\"https:\\\/\\\/imefy.com\\\/de\\\/neue-stipendien-zu-ehren-von-gianluigi-sigaudi\\\/#primaryimage\"},\"thumbnailUrl\":\"https:\\\/\\\/imefy.com\\\/wp-content\\\/uploads\\\/2025\\\/03\\\/becas-colegio-imefy.png\",\"datePublished\":\"2025-03-19T08:19:42+00:00\",\"dateModified\":\"2025-03-25T08:37:27+00:00\",\"author\":{\"@id\":\"\\\/#\\\/schema\\\/person\\\/499fc19124d91e01b34e4037e8253198\"},\"description\":\"IMEFY f\u00fchrt zu Ehren von Gianluigi Sigaudi neue Stipendien ein, um junge Talente mit Bildungschancen zu unterst\u00fctzen und zu f\u00f6rdern.\",\"breadcrumb\":{\"@id\":\"https:\\\/\\\/imefy.com\\\/de\\\/neue-stipendien-zu-ehren-von-gianluigi-sigaudi\\\/#breadcrumb\"},\"inLanguage\":\"de\",\"potentialAction\":[{\"@type\":\"ReadAction\",\"target\":[\"https:\\\/\\\/imefy.com\\\/de\\\/neue-stipendien-zu-ehren-von-gianluigi-sigaudi\\\/\"]}]},{\"@type\":\"ImageObject\",\"inLanguage\":\"de\",\"@id\":\"https:\\\/\\\/imefy.com\\\/de\\\/neue-stipendien-zu-ehren-von-gianluigi-sigaudi\\\/#primaryimage\",\"url\":\"https:\\\/\\\/imefy.com\\\/wp-content\\\/uploads\\\/2025\\\/03\\\/becas-colegio-imefy.png\",\"contentUrl\":\"https:\\\/\\\/imefy.com\\\/wp-content\\\/uploads\\\/2025\\\/03\\\/becas-colegio-imefy.png\",\"width\":1200,\"height\":630,\"caption\":\"imefy-becas-alumnos\"},{\"@type\":\"BreadcrumbList\",\"@id\":\"https:\\\/\\\/imefy.com\\\/de\\\/neue-stipendien-zu-ehren-von-gianluigi-sigaudi\\\/#breadcrumb\",\"itemListElement\":[{\"@type\":\"ListItem\",\"position\":1,\"name\":\"Portada\",\"item\":\"https:\\\/\\\/imefy.com\\\/de\\\/\"},{\"@type\":\"ListItem\",\"position\":2,\"name\":\"IMEFY f\u00f6rdert junge Talente mit neuen Stipendien zu Ehren von Gianluigi Sigaudi\"}]},{\"@type\":\"WebSite\",\"@id\":\"\\\/#website\",\"url\":\"\\\/\",\"name\":\"IMEFY\",\"description\":\"Fabricaci\u00f3n de transformadores de distribuci\u00f3n y potencia\",\"potentialAction\":[{\"@type\":\"SearchAction\",\"target\":{\"@type\":\"EntryPoint\",\"urlTemplate\":\"\\\/?s={search_term_string}\"},\"query-input\":{\"@type\":\"PropertyValueSpecification\",\"valueRequired\":true,\"valueName\":\"search_term_string\"}}],\"inLanguage\":\"de\"},{\"@type\":\"Person\",\"@id\":\"\\\/#\\\/schema\\\/person\\\/499fc19124d91e01b34e4037e8253198\",\"name\":\"jdiaz\"}]}<\/script>\n<!-- \/ Yoast SEO Premium plugin. -->","yoast_head_json":{"title":"IMEFY f\u00f6rdert junge Talente mit neuen Stipendien zu Ehren von Gianluigi Sigaudi","description":"IMEFY f\u00fchrt zu Ehren von Gianluigi Sigaudi neue Stipendien ein, um junge Talente mit Bildungschancen zu unterst\u00fctzen und zu f\u00f6rdern.","robots":{"index":"index","follow":"follow","max-snippet":"max-snippet:-1","max-image-preview":"max-image-preview:large","max-video-preview":"max-video-preview:-1"},"canonical":"https:\/\/imefy.com\/de\/neue-stipendien-zu-ehren-von-gianluigi-sigaudi\/","og_locale":"de_DE","og_type":"article","og_title":"IMEFY f\u00f6rdert junge Talente mit neuen Stipendien zu Ehren von Gianluigi Sigaudi","og_description":"IMEFY f\u00fchrt zu Ehren von Gianluigi Sigaudi neue Stipendien ein, um junge Talente mit Bildungschancen zu unterst\u00fctzen und zu f\u00f6rdern.","og_url":"https:\/\/imefy.com\/de\/neue-stipendien-zu-ehren-von-gianluigi-sigaudi\/","og_site_name":"IMEFY","article_publisher":"https:\/\/www.facebook.com\/pages\/Imefy-Group\/852590684780185","article_published_time":"2025-03-19T08:19:42+00:00","article_modified_time":"2025-03-25T08:37:27+00:00","og_image":[{"width":1200,"height":630,"url":"https:\/\/imefy.com\/wp-content\/uploads\/2025\/03\/becas-colegio-imefy.png","type":"image\/png"}],"author":"jdiaz","twitter_card":"summary_large_image","twitter_description":"IMEFY f\u00fchrt zu Ehren von Gianluigi Sigaudi neue Stipendien ein, um junge Talente mit Bildungschancen zu unterst\u00fctzen und zu f\u00f6rdern.","twitter_creator":"@imefygroup","twitter_site":"@imefygroup","twitter_misc":{"Verfasst von":"jdiaz","Gesch\u00e4tzte Lesezeit":"2\u00a0Minuten"},"schema":{"@context":"https:\/\/schema.org","@graph":[{"@type":"Article","@id":"https:\/\/imefy.com\/de\/neue-stipendien-zu-ehren-von-gianluigi-sigaudi\/#article","isPartOf":{"@id":"https:\/\/imefy.com\/de\/neue-stipendien-zu-ehren-von-gianluigi-sigaudi\/"},"author":{"name":"jdiaz","@id":"\/#\/schema\/person\/499fc19124d91e01b34e4037e8253198"},"headline":"IMEFY f\u00f6rdert junge Talente mit neuen Stipendien zu Ehren von Gianluigi Sigaudi","datePublished":"2025-03-19T08:19:42+00:00","dateModified":"2025-03-25T08:37:27+00:00","mainEntityOfPage":{"@id":"https:\/\/imefy.com\/de\/neue-stipendien-zu-ehren-von-gianluigi-sigaudi\/"},"wordCount":538,"image":{"@id":"https:\/\/imefy.com\/de\/neue-stipendien-zu-ehren-von-gianluigi-sigaudi\/#primaryimage"},"thumbnailUrl":"https:\/\/imefy.com\/wp-content\/uploads\/2025\/03\/becas-colegio-imefy.png","articleSection":["2025","RSC"],"inLanguage":"de"},{"@type":"WebPage","@id":"https:\/\/imefy.com\/de\/neue-stipendien-zu-ehren-von-gianluigi-sigaudi\/","url":"https:\/\/imefy.com\/de\/neue-stipendien-zu-ehren-von-gianluigi-sigaudi\/","name":"IMEFY f\u00f6rdert junge Talente mit neuen Stipendien zu Ehren von Gianluigi Sigaudi","isPartOf":{"@id":"\/#website"},"primaryImageOfPage":{"@id":"https:\/\/imefy.com\/de\/neue-stipendien-zu-ehren-von-gianluigi-sigaudi\/#primaryimage"},"image":{"@id":"https:\/\/imefy.com\/de\/neue-stipendien-zu-ehren-von-gianluigi-sigaudi\/#primaryimage"},"thumbnailUrl":"https:\/\/imefy.com\/wp-content\/uploads\/2025\/03\/becas-colegio-imefy.png","datePublished":"2025-03-19T08:19:42+00:00","dateModified":"2025-03-25T08:37:27+00:00","author":{"@id":"\/#\/schema\/person\/499fc19124d91e01b34e4037e8253198"},"description":"IMEFY f\u00fchrt zu Ehren von Gianluigi Sigaudi neue Stipendien ein, um junge Talente mit Bildungschancen zu unterst\u00fctzen und zu f\u00f6rdern.","breadcrumb":{"@id":"https:\/\/imefy.com\/de\/neue-stipendien-zu-ehren-von-gianluigi-sigaudi\/#breadcrumb"},"inLanguage":"de","potentialAction":[{"@type":"ReadAction","target":["https:\/\/imefy.com\/de\/neue-stipendien-zu-ehren-von-gianluigi-sigaudi\/"]}]},{"@type":"ImageObject","inLanguage":"de","@id":"https:\/\/imefy.com\/de\/neue-stipendien-zu-ehren-von-gianluigi-sigaudi\/#primaryimage","url":"https:\/\/imefy.com\/wp-content\/uploads\/2025\/03\/becas-colegio-imefy.png","contentUrl":"https:\/\/imefy.com\/wp-content\/uploads\/2025\/03\/becas-colegio-imefy.png","width":1200,"height":630,"caption":"imefy-becas-alumnos"},{"@type":"BreadcrumbList","@id":"https:\/\/imefy.com\/de\/neue-stipendien-zu-ehren-von-gianluigi-sigaudi\/#breadcrumb","itemListElement":[{"@type":"ListItem","position":1,"name":"Portada","item":"https:\/\/imefy.com\/de\/"},{"@type":"ListItem","position":2,"name":"IMEFY f\u00f6rdert junge Talente mit neuen Stipendien zu Ehren von Gianluigi Sigaudi"}]},{"@type":"WebSite","@id":"\/#website","url":"\/","name":"IMEFY","description":"Fabricaci\u00f3n de transformadores de distribuci\u00f3n y potencia","potentialAction":[{"@type":"SearchAction","target":{"@type":"EntryPoint","urlTemplate":"\/?s={search_term_string}"},"query-input":{"@type":"PropertyValueSpecification","valueRequired":true,"valueName":"search_term_string"}}],"inLanguage":"de"},{"@type":"Person","@id":"\/#\/schema\/person\/499fc19124d91e01b34e4037e8253198","name":"jdiaz"}]}},"_links":{"self":[{"href":"https:\/\/imefy.com\/de\/wp-json\/wp\/v2\/posts\/30994","targetHints":{"allow":["GET"]}}],"collection":[{"href":"https:\/\/imefy.com\/de\/wp-json\/wp\/v2\/posts"}],"about":[{"href":"https:\/\/imefy.com\/de\/wp-json\/wp\/v2\/types\/post"}],"author":[{"embeddable":true,"href":"https:\/\/imefy.com\/de\/wp-json\/wp\/v2\/users\/10"}],"replies":[{"embeddable":true,"href":"https:\/\/imefy.com\/de\/wp-json\/wp\/v2\/comments?post=30994"}],"version-history":[{"count":0,"href":"https:\/\/imefy.com\/de\/wp-json\/wp\/v2\/posts\/30994\/revisions"}],"wp:featuredmedia":[{"embeddable":true,"href":"https:\/\/imefy.com\/de\/wp-json\/wp\/v2\/media\/30979"}],"wp:attachment":[{"href":"https:\/\/imefy.com\/de\/wp-json\/wp\/v2\/media?parent=30994"}],"wp:term":[{"taxonomy":"category","embeddable":true,"href":"https:\/\/imefy.com\/de\/wp-json\/wp\/v2\/categories?post=30994"},{"taxonomy":"post_tag","embeddable":true,"href":"https:\/\/imefy.com\/de\/wp-json\/wp\/v2\/tags?post=30994"}],"curies":[{"name":"wp","href":"https:\/\/api.w.org\/{rel}","templated":true}]}}