{"id":35320,"date":"2026-09-02T09:50:52","date_gmt":"2026-09-02T07:50:52","guid":{"rendered":"https:\/\/imefy.com\/?p=35320"},"modified":"2026-09-01T13:18:44","modified_gmt":"2026-09-01T11:18:44","slug":"imefy-silber-siegel-ecovadis","status":"publish","type":"post","link":"https:\/\/imefy.com\/de\/imefy-silber-siegel-ecovadis\/","title":{"rendered":"IMEFY erh\u00e4lt das EcoVadis-Silber-Siegel und z\u00e4hlt zu den nachhaltigsten Unternehmen der Welt"},"content":{"rendered":"<p><strong>IMEFY<\/strong> hat mit der Verleihung des <strong>EcoVadis-Silber-Siegels<\/strong> im August 2026 einen historischen Meilenstein in seinem Engagement f\u00fcr Nachhaltigkeit erreicht. Das Unternehmen erzielte eine Gesamtpunktzahl von 75 von 100 Punkten und liegt damit im 87. Perzentil seiner Branche.<\/p>\n<p>Mit diesem Ergebnis <strong>geh\u00f6rt das Unternehmen offiziell zu den 15 % der weltweit am besten bewerteten<\/strong> Unternehmen in den Bereichen soziale Verantwortung und unternehmerische Nachhaltigkeit. Eine Leistung, die seine branchenf\u00fchrende Position und sein Engagement f\u00fcr die Zukunft untermauert.<\/p>\n<h2>Was ist EcoVadis und warum ist diese Auszeichnung so wertvoll?<\/h2>\n<p>EcoVadis ist die weltweit anerkannteste und vertrauensw\u00fcrdigste Plattform zur Bewertung der Nachhaltigkeit in globalen Lieferketten. <strong>Ihre Methodik st\u00fctzt sich auf internationale Standards wie die Global Reporting Initiative,<\/strong> den Global Compact der Vereinten Nationen und die Norm ISO 26000.<\/p>\n<p>Mehr als 700 f\u00fchrende multinationale Unternehmen, darunter Toyota, Schneider Electric und BASF, nutzen dieses Siegel bei der Auswahl ihrer Gesch\u00e4ftspartner. <strong>Damit ist das EcoVadis-Silber-Siegel f\u00fcr<\/strong> IMEFY eine Vertrauensgarantie auf dem internationalen Markt.<\/p>\n<h2>Die S\u00e4ulen der Exzellenz, die IMEFY zu einem nachhaltigen Vorzeigeunternehmen machen<\/h2>\n<p>Diese Anerkennung ist das Ergebnis herausragender Leistungen in den von EcoVadis bewerteten Schl\u00fcsselbereichen. <strong>IMEFY hat im Bereich Umwelt 81 von 100 Punkten und im Bereich nachhaltige Beschaffung 79 von 100 Punkten erzielt,<\/strong> was durch die Zertifizierungen nach ISO 14001 untermauert wird.<\/p>\n<p>Dar\u00fcber hinaus wurde das Unternehmen im Bereich CO\u2082-Management dank seiner quantitativen Ziele zur Reduzierung der Treibhausgasemissionen <strong>in den Scopes 1, 2 und 3 mit der Stufe \u201e<\/strong>Fortgeschritten\u201c bewertet und hat sich damit als zukunftsweisender Branchenvorreiter etabliert.<\/p>\n","protected":false},"excerpt":{"rendered":"<p>IMEFY hat mit der Verleihung des EcoVadis-Silber-Siegels im August 2026 einen historischen Meilenstein in seinem Engagement f\u00fcr Nachhaltigkeit erreicht. Das Unternehmen erzielte eine  [&#8230;]<\/p>\n","protected":false},"author":24,"featured_media":35319,"comment_status":"closed","ping_status":"closed","sticky":false,"template":"","format":"standard","meta":{"footnotes":""},"categories":[496,273],"tags":[],"class_list":["post-35320","post","type-post","status-publish","format-standard","has-post-thumbnail","hentry","category-2026-de","category-csr-de"],"yoast_head":"<!-- This site is optimized with the Yoast SEO Premium plugin v28.3 (Yoast SEO v28.4) - https:\/\/yoast.com\/product\/yoast-seo-premium-wordpress\/ -->\n<title>IMEFY erh\u00e4lt das renommierte EcoVadis-Silber-Siegel<\/title>\n<meta name=\"description\" content=\"IMEFY erh\u00e4lt das EcoVadis-Silber-Siegel und z\u00e4hlt damit zu den 15 % der nachhaltigsten und verantwortungsvollsten Unternehmen weltweit.\" \/>\n<meta name=\"robots\" content=\"index, follow, max-snippet:-1, max-image-preview:large, max-video-preview:-1\" \/>\n<link rel=\"canonical\" href=\"https:\/\/imefy.com\/de\/imefy-silber-siegel-ecovadis\/\" \/>\n<meta property=\"og:locale\" content=\"de_DE\" \/>\n<meta property=\"og:type\" content=\"article\" \/>\n<meta property=\"og:title\" content=\"IMEFY erh\u00e4lt das EcoVadis-Silber-Siegel und z\u00e4hlt zu den nachhaltigsten Unternehmen der Welt\" \/>\n<meta property=\"og:description\" content=\"IMEFY erh\u00e4lt das EcoVadis-Silber-Siegel und z\u00e4hlt damit zu den 15 % der nachhaltigsten und verantwortungsvollsten Unternehmen weltweit.\" \/>\n<meta property=\"og:url\" content=\"https:\/\/imefy.com\/de\/imefy-silber-siegel-ecovadis\/\" \/>\n<meta property=\"og:site_name\" content=\"IMEFY\" \/>\n<meta property=\"article:publisher\" content=\"https:\/\/www.facebook.com\/pages\/Imefy-Group\/852590684780185\" \/>\n<meta property=\"article:published_time\" content=\"2026-09-02T07:50:52+00:00\" \/>\n<meta property=\"og:image\" content=\"https:\/\/imefy.com\/wp-content\/uploads\/2026\/08\/imefy-sello-plata-ecovadis-sostenibilidad.jpg\" \/>\n\t<meta property=\"og:image:width\" content=\"1200\" \/>\n\t<meta property=\"og:image:height\" content=\"630\" \/>\n\t<meta property=\"og:image:type\" content=\"image\/jpeg\" \/>\n<meta name=\"author\" content=\"mlopez\" \/>\n<meta name=\"twitter:card\" content=\"summary_large_image\" \/>\n<meta name=\"twitter:creator\" content=\"@imefygroup\" \/>\n<meta name=\"twitter:site\" content=\"@imefygroup\" \/>\n<meta name=\"twitter:label1\" content=\"Verfasst von\" \/>\n\t<meta name=\"twitter:data1\" content=\"mlopez\" \/>\n\t<meta name=\"twitter:label2\" content=\"Gesch\u00e4tzte Lesezeit\" \/>\n\t<meta name=\"twitter:data2\" content=\"1\u00a0Minute\" \/>\n<script type=\"application\/ld+json\" class=\"yoast-schema-graph\">{\"@context\":\"https:\\\/\\\/schema.org\",\"@graph\":[{\"@type\":\"Article\",\"@id\":\"https:\\\/\\\/imefy.com\\\/de\\\/imefy-silber-siegel-ecovadis\\\/#article\",\"isPartOf\":{\"@id\":\"https:\\\/\\\/imefy.com\\\/de\\\/imefy-silber-siegel-ecovadis\\\/\"},\"author\":{\"name\":\"mlopez\",\"@id\":\"\\\/#\\\/schema\\\/person\\\/5c5293a0a754f8b8d7a5fc8b0efeda13\"},\"headline\":\"IMEFY erh\u00e4lt das EcoVadis-Silber-Siegel und z\u00e4hlt zu den nachhaltigsten Unternehmen der Welt\",\"datePublished\":\"2026-09-02T07:50:52+00:00\",\"mainEntityOfPage\":{\"@id\":\"https:\\\/\\\/imefy.com\\\/de\\\/imefy-silber-siegel-ecovadis\\\/\"},\"wordCount\":254,\"image\":{\"@id\":\"https:\\\/\\\/imefy.com\\\/de\\\/imefy-silber-siegel-ecovadis\\\/#primaryimage\"},\"thumbnailUrl\":\"https:\\\/\\\/imefy.com\\\/wp-content\\\/uploads\\\/2026\\\/08\\\/imefy-sello-plata-ecovadis-sostenibilidad.jpg\",\"articleSection\":[\"2026\",\"CSR\"],\"inLanguage\":\"de\"},{\"@type\":\"WebPage\",\"@id\":\"https:\\\/\\\/imefy.com\\\/de\\\/imefy-silber-siegel-ecovadis\\\/\",\"url\":\"https:\\\/\\\/imefy.com\\\/de\\\/imefy-silber-siegel-ecovadis\\\/\",\"name\":\"IMEFY erh\u00e4lt das renommierte EcoVadis-Silber-Siegel\",\"isPartOf\":{\"@id\":\"\\\/#website\"},\"primaryImageOfPage\":{\"@id\":\"https:\\\/\\\/imefy.com\\\/de\\\/imefy-silber-siegel-ecovadis\\\/#primaryimage\"},\"image\":{\"@id\":\"https:\\\/\\\/imefy.com\\\/de\\\/imefy-silber-siegel-ecovadis\\\/#primaryimage\"},\"thumbnailUrl\":\"https:\\\/\\\/imefy.com\\\/wp-content\\\/uploads\\\/2026\\\/08\\\/imefy-sello-plata-ecovadis-sostenibilidad.jpg\",\"datePublished\":\"2026-09-02T07:50:52+00:00\",\"author\":{\"@id\":\"\\\/#\\\/schema\\\/person\\\/5c5293a0a754f8b8d7a5fc8b0efeda13\"},\"description\":\"IMEFY erh\u00e4lt das EcoVadis-Silber-Siegel und z\u00e4hlt damit zu den 15 % der nachhaltigsten und verantwortungsvollsten Unternehmen weltweit.\",\"breadcrumb\":{\"@id\":\"https:\\\/\\\/imefy.com\\\/de\\\/imefy-silber-siegel-ecovadis\\\/#breadcrumb\"},\"inLanguage\":\"de\",\"potentialAction\":[{\"@type\":\"ReadAction\",\"target\":[\"https:\\\/\\\/imefy.com\\\/de\\\/imefy-silber-siegel-ecovadis\\\/\"]}]},{\"@type\":\"ImageObject\",\"inLanguage\":\"de\",\"@id\":\"https:\\\/\\\/imefy.com\\\/de\\\/imefy-silber-siegel-ecovadis\\\/#primaryimage\",\"url\":\"https:\\\/\\\/imefy.com\\\/wp-content\\\/uploads\\\/2026\\\/08\\\/imefy-sello-plata-ecovadis-sostenibilidad.jpg\",\"contentUrl\":\"https:\\\/\\\/imefy.com\\\/wp-content\\\/uploads\\\/2026\\\/08\\\/imefy-sello-plata-ecovadis-sostenibilidad.jpg\",\"width\":1200,\"height\":630,\"caption\":\"IMEFY logra el Sello Plata EcoVadis y se sit\u00faa entre las empresas m\u00e1s sostenibles del mundo.\"},{\"@type\":\"BreadcrumbList\",\"@id\":\"https:\\\/\\\/imefy.com\\\/de\\\/imefy-silber-siegel-ecovadis\\\/#breadcrumb\",\"itemListElement\":[{\"@type\":\"ListItem\",\"position\":1,\"name\":\"Portada\",\"item\":\"https:\\\/\\\/imefy.com\\\/de\\\/\"},{\"@type\":\"ListItem\",\"position\":2,\"name\":\"IMEFY erh\u00e4lt das EcoVadis-Silber-Siegel und z\u00e4hlt zu den nachhaltigsten Unternehmen der Welt\"}]},{\"@type\":\"WebSite\",\"@id\":\"\\\/#website\",\"url\":\"\\\/\",\"name\":\"IMEFY\",\"description\":\"Fabricaci\u00f3n de transformadores de distribuci\u00f3n y potencia\",\"potentialAction\":[{\"@type\":\"SearchAction\",\"target\":{\"@type\":\"EntryPoint\",\"urlTemplate\":\"\\\/?s={search_term_string}\"},\"query-input\":{\"@type\":\"PropertyValueSpecification\",\"valueRequired\":true,\"valueName\":\"search_term_string\"}}],\"inLanguage\":\"de\"},{\"@type\":\"Person\",\"@id\":\"\\\/#\\\/schema\\\/person\\\/5c5293a0a754f8b8d7a5fc8b0efeda13\",\"name\":\"mlopez\"}]}<\/script>\n<!-- \/ Yoast SEO Premium plugin. -->","yoast_head_json":{"title":"IMEFY erh\u00e4lt das renommierte EcoVadis-Silber-Siegel","description":"IMEFY erh\u00e4lt das EcoVadis-Silber-Siegel und z\u00e4hlt damit zu den 15 % der nachhaltigsten und verantwortungsvollsten Unternehmen weltweit.","robots":{"index":"index","follow":"follow","max-snippet":"max-snippet:-1","max-image-preview":"max-image-preview:large","max-video-preview":"max-video-preview:-1"},"canonical":"https:\/\/imefy.com\/de\/imefy-silber-siegel-ecovadis\/","og_locale":"de_DE","og_type":"article","og_title":"IMEFY erh\u00e4lt das EcoVadis-Silber-Siegel und z\u00e4hlt zu den nachhaltigsten Unternehmen der Welt","og_description":"IMEFY erh\u00e4lt das EcoVadis-Silber-Siegel und z\u00e4hlt damit zu den 15 % der nachhaltigsten und verantwortungsvollsten Unternehmen weltweit.","og_url":"https:\/\/imefy.com\/de\/imefy-silber-siegel-ecovadis\/","og_site_name":"IMEFY","article_publisher":"https:\/\/www.facebook.com\/pages\/Imefy-Group\/852590684780185","article_published_time":"2026-09-02T07:50:52+00:00","og_image":[{"width":1200,"height":630,"url":"https:\/\/imefy.com\/wp-content\/uploads\/2026\/08\/imefy-sello-plata-ecovadis-sostenibilidad.jpg","type":"image\/jpeg"}],"author":"mlopez","twitter_card":"summary_large_image","twitter_creator":"@imefygroup","twitter_site":"@imefygroup","twitter_misc":{"Verfasst von":"mlopez","Gesch\u00e4tzte Lesezeit":"1\u00a0Minute"},"schema":{"@context":"https:\/\/schema.org","@graph":[{"@type":"Article","@id":"https:\/\/imefy.com\/de\/imefy-silber-siegel-ecovadis\/#article","isPartOf":{"@id":"https:\/\/imefy.com\/de\/imefy-silber-siegel-ecovadis\/"},"author":{"name":"mlopez","@id":"\/#\/schema\/person\/5c5293a0a754f8b8d7a5fc8b0efeda13"},"headline":"IMEFY erh\u00e4lt das EcoVadis-Silber-Siegel und z\u00e4hlt zu den nachhaltigsten Unternehmen der Welt","datePublished":"2026-09-02T07:50:52+00:00","mainEntityOfPage":{"@id":"https:\/\/imefy.com\/de\/imefy-silber-siegel-ecovadis\/"},"wordCount":254,"image":{"@id":"https:\/\/imefy.com\/de\/imefy-silber-siegel-ecovadis\/#primaryimage"},"thumbnailUrl":"https:\/\/imefy.com\/wp-content\/uploads\/2026\/08\/imefy-sello-plata-ecovadis-sostenibilidad.jpg","articleSection":["2026","CSR"],"inLanguage":"de"},{"@type":"WebPage","@id":"https:\/\/imefy.com\/de\/imefy-silber-siegel-ecovadis\/","url":"https:\/\/imefy.com\/de\/imefy-silber-siegel-ecovadis\/","name":"IMEFY erh\u00e4lt das renommierte EcoVadis-Silber-Siegel","isPartOf":{"@id":"\/#website"},"primaryImageOfPage":{"@id":"https:\/\/imefy.com\/de\/imefy-silber-siegel-ecovadis\/#primaryimage"},"image":{"@id":"https:\/\/imefy.com\/de\/imefy-silber-siegel-ecovadis\/#primaryimage"},"thumbnailUrl":"https:\/\/imefy.com\/wp-content\/uploads\/2026\/08\/imefy-sello-plata-ecovadis-sostenibilidad.jpg","datePublished":"2026-09-02T07:50:52+00:00","author":{"@id":"\/#\/schema\/person\/5c5293a0a754f8b8d7a5fc8b0efeda13"},"description":"IMEFY erh\u00e4lt das EcoVadis-Silber-Siegel und z\u00e4hlt damit zu den 15 % der nachhaltigsten und verantwortungsvollsten Unternehmen weltweit.","breadcrumb":{"@id":"https:\/\/imefy.com\/de\/imefy-silber-siegel-ecovadis\/#breadcrumb"},"inLanguage":"de","potentialAction":[{"@type":"ReadAction","target":["https:\/\/imefy.com\/de\/imefy-silber-siegel-ecovadis\/"]}]},{"@type":"ImageObject","inLanguage":"de","@id":"https:\/\/imefy.com\/de\/imefy-silber-siegel-ecovadis\/#primaryimage","url":"https:\/\/imefy.com\/wp-content\/uploads\/2026\/08\/imefy-sello-plata-ecovadis-sostenibilidad.jpg","contentUrl":"https:\/\/imefy.com\/wp-content\/uploads\/2026\/08\/imefy-sello-plata-ecovadis-sostenibilidad.jpg","width":1200,"height":630,"caption":"IMEFY logra el Sello Plata EcoVadis y se sit\u00faa entre las empresas m\u00e1s sostenibles del mundo."},{"@type":"BreadcrumbList","@id":"https:\/\/imefy.com\/de\/imefy-silber-siegel-ecovadis\/#breadcrumb","itemListElement":[{"@type":"ListItem","position":1,"name":"Portada","item":"https:\/\/imefy.com\/de\/"},{"@type":"ListItem","position":2,"name":"IMEFY erh\u00e4lt das EcoVadis-Silber-Siegel und z\u00e4hlt zu den nachhaltigsten Unternehmen der Welt"}]},{"@type":"WebSite","@id":"\/#website","url":"\/","name":"IMEFY","description":"Fabricaci\u00f3n de transformadores de distribuci\u00f3n y potencia","potentialAction":[{"@type":"SearchAction","target":{"@type":"EntryPoint","urlTemplate":"\/?s={search_term_string}"},"query-input":{"@type":"PropertyValueSpecification","valueRequired":true,"valueName":"search_term_string"}}],"inLanguage":"de"},{"@type":"Person","@id":"\/#\/schema\/person\/5c5293a0a754f8b8d7a5fc8b0efeda13","name":"mlopez"}]}},"_links":{"self":[{"href":"https:\/\/imefy.com\/de\/wp-json\/wp\/v2\/posts\/35320","targetHints":{"allow":["GET"]}}],"collection":[{"href":"https:\/\/imefy.com\/de\/wp-json\/wp\/v2\/posts"}],"about":[{"href":"https:\/\/imefy.com\/de\/wp-json\/wp\/v2\/types\/post"}],"author":[{"embeddable":true,"href":"https:\/\/imefy.com\/de\/wp-json\/wp\/v2\/users\/24"}],"replies":[{"embeddable":true,"href":"https:\/\/imefy.com\/de\/wp-json\/wp\/v2\/comments?post=35320"}],"version-history":[{"count":1,"href":"https:\/\/imefy.com\/de\/wp-json\/wp\/v2\/posts\/35320\/revisions"}],"predecessor-version":[{"id":35321,"href":"https:\/\/imefy.com\/de\/wp-json\/wp\/v2\/posts\/35320\/revisions\/35321"}],"wp:featuredmedia":[{"embeddable":true,"href":"https:\/\/imefy.com\/de\/wp-json\/wp\/v2\/media\/35319"}],"wp:attachment":[{"href":"https:\/\/imefy.com\/de\/wp-json\/wp\/v2\/media?parent=35320"}],"wp:term":[{"taxonomy":"category","embeddable":true,"href":"https:\/\/imefy.com\/de\/wp-json\/wp\/v2\/categories?post=35320"},{"taxonomy":"post_tag","embeddable":true,"href":"https:\/\/imefy.com\/de\/wp-json\/wp\/v2\/tags?post=35320"}],"curies":[{"name":"wp","href":"https:\/\/api.w.org\/{rel}","templated":true}]}}