{"id":31171,"date":"2025-04-10T08:28:33","date_gmt":"2025-04-10T06:28:33","guid":{"rendered":"https:\/\/imefy.com\/?p=31171"},"modified":"2025-04-11T08:48:36","modified_gmt":"2025-04-11T06:48:36","slug":"imefy-zona-5-toledo-combat-pour-une-place-dans-le-final-quatre-contre-cb-uca-de-albacete","status":"publish","type":"post","link":"https:\/\/imefy.com\/fr\/imefy-zona-5-toledo-combat-pour-une-place-dans-le-final-quatre-contre-cb-uca-de-albacete\/","title":{"rendered":"IMEFY ZONA 5 TOLEDO se bat pour une place en Final Four contre le C.B. UCA de Albacete"},"content":{"rendered":"<p data-start=\"153\" data-end=\"511\">L&#8217;\u00e9quipe IMEFY ZONA 5 TOLEDO termine la saison r\u00e9guli\u00e8re \u00e0 la troisi\u00e8me place du groupe nord. Son objectif est d\u00e9sormais d&#8217;atteindre la Final Four, et pour cela, elle devra battre le C.B. UCA de Albacete <a href=\"https:\/\/imefy.com\/fr\/imefy-zone-5-dans-le-combat-pour-acceder-aux-play-offs\/\" target=\"_blank\" rel=\"noopener\">lors des play-offs<\/a>. Le club d\u2019Albacete, class\u00e9 deuxi\u00e8me du groupe sud, affrontera IMEFY ZONA 5 dans une s\u00e9rie au meilleur des trois matchs.<\/p>\n<h3 data-start=\"513\" data-end=\"545\">Calendrier des play-offs<\/h3>\n<ul data-start=\"547\" data-end=\"751\">\n<li class=\"\" data-start=\"547\" data-end=\"592\">\n<p class=\"\" data-start=\"549\" data-end=\"592\">Premier match : 12 avril \u00e0 Albacete<\/p>\n<\/li>\n<li class=\"\" data-start=\"547\" data-end=\"592\">\n<p class=\"\" data-start=\"549\" data-end=\"592\">Deuxi\u00e8me match : 26 avril \u00e0 Tol\u00e8de<\/p>\n<\/li>\n<li class=\"\" data-start=\"547\" data-end=\"592\">\n<p class=\"\" data-start=\"549\" data-end=\"592\">Match d\u00e9cisif (si n\u00e9cessaire) : Il se jouera \u00e0 Albacete, le C.B. UCA ayant l\u2019avantage du terrain.<\/p>\n<\/li>\n<\/ul>\n<h3 data-start=\"753\" data-end=\"820\"><strong data-start=\"2318\" data-end=\"2394\">Derni\u00e8re journ\u00e9e de championnat : IMEFY ZONA 5, troisi\u00e8me du groupe nord<\/strong><\/h3>\n<p class=\"\" data-start=\"2318\" data-end=\"2673\">Apr\u00e8s une victoire \u00e0 l\u2019ext\u00e9rieur contre le C.B. TALAVERA BASKET, IMEFY ZONA 5 est arriv\u00e9 \u00e0 la derni\u00e8re journ\u00e9e \u00e0 \u00e9galit\u00e9 \u00e0 la deuxi\u00e8me place avec le C.B. TORRIJOS et le C.B. YUQUERA. Ces deux \u00e9quipes s\u2019affrontaient, tandis que IMEFY ZONA 5 recevait le GERINDOTE NUEVO MILENIO.<\/p>\n<h3 data-start=\"1094\" data-end=\"1134\"><strong data-start=\"2675\" data-end=\"2712\">Classement final du groupe nord :<\/strong><\/h3>\n<p class=\"\" data-start=\"2675\" data-end=\"3055\">Les victoires du C.B. TORRIJOS et de IMEFY ZONA 5 ont permis \u00e0 ce dernier de se classer troisi\u00e8me, tandis que TORRIJOS a termin\u00e9 deuxi\u00e8me. Le C.B. YUQUERA finit quatri\u00e8me, et le C.B. SALESIANOS premier. Les quatre \u00e9quipes qualifi\u00e9es du groupe nord pour les play-offs sont donc : C.B. SALESIANOS, C.B. TORRIJOS, IMEFY ZONA 5 et C.B. YUQUERA.<\/p>\n<h3 data-start=\"1515\" data-end=\"1570\"><strong data-start=\"3057\" data-end=\"3106\">Le r\u00eave de la Final Four est \u00e0 port\u00e9e de main<\/strong><\/h3>\n<p class=\"\" data-start=\"3057\" data-end=\"3362\">Les play-offs, disput\u00e9s au meilleur de trois matchs, d\u00e9signeront les quatre \u00e9quipes qui acc\u00e8deront \u00e0 la phase finale. Celle-ci se d\u00e9roulera les 17 et 18 mai dans une ville de Castille-La Manche encore \u00e0 confirmer. Nous esp\u00e9rons que IMEFY ZONA 5 y sera !<\/p>\n","protected":false},"excerpt":{"rendered":"<p>L&#8217;\u00e9quipe IMEFY ZONA 5 TOLEDO termine la saison r\u00e9guli\u00e8re \u00e0 la troisi\u00e8me place du groupe nord. Son objectif est d\u00e9sormais d&#8217;atteindre la Final  [&#8230;]<\/p>\n","protected":false},"author":10,"featured_media":31180,"comment_status":"closed","ping_status":"closed","sticky":false,"template":"","format":"standard","meta":{"footnotes":""},"categories":[485],"tags":[],"class_list":["post-31171","post","type-post","status-publish","format-standard","has-post-thumbnail","hentry","category-2025-fr"],"yoast_head":"<!-- This site is optimized with the Yoast SEO Premium plugin v27.4 (Yoast SEO v27.5) - https:\/\/yoast.com\/product\/yoast-seo-premium-wordpress\/ -->\n<title>IMEFY ZONA 5 TOLEDO se bat pour une place en Final Four contre le C.B. UCA de Albacete - IMEFY<\/title>\n<meta name=\"description\" content=\"IMEFY ZONE 5 TOLEDO cherche une place en Final 4 contre le C.B. UCA de Albacete dans un match de barrage passionnant.\" \/>\n<meta name=\"robots\" content=\"index, follow, max-snippet:-1, max-image-preview:large, max-video-preview:-1\" \/>\n<link rel=\"canonical\" href=\"https:\/\/imefy.com\/fr\/imefy-zona-5-toledo-combat-pour-une-place-dans-le-final-quatre-contre-cb-uca-de-albacete\/\" \/>\n<meta property=\"og:locale\" content=\"fr_FR\" \/>\n<meta property=\"og:type\" content=\"article\" \/>\n<meta property=\"og:title\" content=\"IMEFY ZONA 5 TOLEDO se bat pour une place en Final Four contre le C.B. UCA de Albacete\" \/>\n<meta property=\"og:description\" content=\"IMEFY ZONE 5 TOLEDO cherche une place en Final 4 contre le C.B. UCA de Albacete dans un match de barrage passionnant.\" \/>\n<meta property=\"og:url\" content=\"https:\/\/imefy.com\/fr\/imefy-zona-5-toledo-combat-pour-une-place-dans-le-final-quatre-contre-cb-uca-de-albacete\/\" \/>\n<meta property=\"og:site_name\" content=\"IMEFY\" \/>\n<meta property=\"article:publisher\" content=\"https:\/\/www.facebook.com\/pages\/Imefy-Group\/852590684780185\" \/>\n<meta property=\"article:published_time\" content=\"2025-04-10T06:28:33+00:00\" \/>\n<meta property=\"article:modified_time\" content=\"2025-04-11T06:48:36+00:00\" \/>\n<meta property=\"og:image\" content=\"https:\/\/imefy.com\/wp-content\/uploads\/2025\/04\/cb-uca-de-albacete-imefy.jpg\" \/>\n\t<meta property=\"og:image:width\" content=\"1200\" \/>\n\t<meta property=\"og:image:height\" content=\"630\" \/>\n\t<meta property=\"og:image:type\" content=\"image\/jpeg\" \/>\n<meta name=\"author\" content=\"jdiaz\" \/>\n<meta name=\"twitter:card\" content=\"summary_large_image\" \/>\n<meta name=\"twitter:description\" content=\"IMEFY ZONE 5 TOLEDO cherche une place en Final 4 contre le C.B. UCA de Albacete dans un match de barrage passionnant.\" \/>\n<meta name=\"twitter:creator\" content=\"@imefygroup\" \/>\n<meta name=\"twitter:site\" content=\"@imefygroup\" \/>\n<meta name=\"twitter:label1\" content=\"\u00c9crit par\" \/>\n\t<meta name=\"twitter:data1\" content=\"jdiaz\" \/>\n\t<meta name=\"twitter:label2\" content=\"Dur\u00e9e de lecture estim\u00e9e\" \/>\n\t<meta name=\"twitter:data2\" content=\"2 minutes\" \/>\n<script type=\"application\/ld+json\" class=\"yoast-schema-graph\">{\"@context\":\"https:\\\/\\\/schema.org\",\"@graph\":[{\"@type\":\"Article\",\"@id\":\"https:\\\/\\\/imefy.com\\\/fr\\\/imefy-zona-5-toledo-combat-pour-une-place-dans-le-final-quatre-contre-cb-uca-de-albacete\\\/#article\",\"isPartOf\":{\"@id\":\"https:\\\/\\\/imefy.com\\\/fr\\\/imefy-zona-5-toledo-combat-pour-une-place-dans-le-final-quatre-contre-cb-uca-de-albacete\\\/\"},\"author\":{\"name\":\"jdiaz\",\"@id\":\"\\\/#\\\/schema\\\/person\\\/499fc19124d91e01b34e4037e8253198\"},\"headline\":\"IMEFY ZONA 5 TOLEDO se bat pour une place en Final Four contre le C.B. UCA de Albacete\",\"datePublished\":\"2025-04-10T06:28:33+00:00\",\"dateModified\":\"2025-04-11T06:48:36+00:00\",\"mainEntityOfPage\":{\"@id\":\"https:\\\/\\\/imefy.com\\\/fr\\\/imefy-zona-5-toledo-combat-pour-une-place-dans-le-final-quatre-contre-cb-uca-de-albacete\\\/\"},\"wordCount\":303,\"image\":{\"@id\":\"https:\\\/\\\/imefy.com\\\/fr\\\/imefy-zona-5-toledo-combat-pour-une-place-dans-le-final-quatre-contre-cb-uca-de-albacete\\\/#primaryimage\"},\"thumbnailUrl\":\"https:\\\/\\\/imefy.com\\\/wp-content\\\/uploads\\\/2025\\\/04\\\/cb-uca-de-albacete-imefy.jpg\",\"articleSection\":[\"2025\"],\"inLanguage\":\"fr-FR\"},{\"@type\":\"WebPage\",\"@id\":\"https:\\\/\\\/imefy.com\\\/fr\\\/imefy-zona-5-toledo-combat-pour-une-place-dans-le-final-quatre-contre-cb-uca-de-albacete\\\/\",\"url\":\"https:\\\/\\\/imefy.com\\\/fr\\\/imefy-zona-5-toledo-combat-pour-une-place-dans-le-final-quatre-contre-cb-uca-de-albacete\\\/\",\"name\":\"IMEFY ZONA 5 TOLEDO se bat pour une place en Final Four contre le C.B. UCA de Albacete - IMEFY\",\"isPartOf\":{\"@id\":\"\\\/#website\"},\"primaryImageOfPage\":{\"@id\":\"https:\\\/\\\/imefy.com\\\/fr\\\/imefy-zona-5-toledo-combat-pour-une-place-dans-le-final-quatre-contre-cb-uca-de-albacete\\\/#primaryimage\"},\"image\":{\"@id\":\"https:\\\/\\\/imefy.com\\\/fr\\\/imefy-zona-5-toledo-combat-pour-une-place-dans-le-final-quatre-contre-cb-uca-de-albacete\\\/#primaryimage\"},\"thumbnailUrl\":\"https:\\\/\\\/imefy.com\\\/wp-content\\\/uploads\\\/2025\\\/04\\\/cb-uca-de-albacete-imefy.jpg\",\"datePublished\":\"2025-04-10T06:28:33+00:00\",\"dateModified\":\"2025-04-11T06:48:36+00:00\",\"author\":{\"@id\":\"\\\/#\\\/schema\\\/person\\\/499fc19124d91e01b34e4037e8253198\"},\"description\":\"IMEFY ZONE 5 TOLEDO cherche une place en Final 4 contre le C.B. UCA de Albacete dans un match de barrage passionnant.\",\"breadcrumb\":{\"@id\":\"https:\\\/\\\/imefy.com\\\/fr\\\/imefy-zona-5-toledo-combat-pour-une-place-dans-le-final-quatre-contre-cb-uca-de-albacete\\\/#breadcrumb\"},\"inLanguage\":\"fr-FR\",\"potentialAction\":[{\"@type\":\"ReadAction\",\"target\":[\"https:\\\/\\\/imefy.com\\\/fr\\\/imefy-zona-5-toledo-combat-pour-une-place-dans-le-final-quatre-contre-cb-uca-de-albacete\\\/\"]}]},{\"@type\":\"ImageObject\",\"inLanguage\":\"fr-FR\",\"@id\":\"https:\\\/\\\/imefy.com\\\/fr\\\/imefy-zona-5-toledo-combat-pour-une-place-dans-le-final-quatre-contre-cb-uca-de-albacete\\\/#primaryimage\",\"url\":\"https:\\\/\\\/imefy.com\\\/wp-content\\\/uploads\\\/2025\\\/04\\\/cb-uca-de-albacete-imefy.jpg\",\"contentUrl\":\"https:\\\/\\\/imefy.com\\\/wp-content\\\/uploads\\\/2025\\\/04\\\/cb-uca-de-albacete-imefy.jpg\",\"width\":1200,\"height\":630,\"caption\":\"IMEFY ZONA 5 play off C.B. UCA de Albacete\"},{\"@type\":\"BreadcrumbList\",\"@id\":\"https:\\\/\\\/imefy.com\\\/fr\\\/imefy-zona-5-toledo-combat-pour-une-place-dans-le-final-quatre-contre-cb-uca-de-albacete\\\/#breadcrumb\",\"itemListElement\":[{\"@type\":\"ListItem\",\"position\":1,\"name\":\"Portada\",\"item\":\"https:\\\/\\\/imefy.com\\\/fr\\\/\"},{\"@type\":\"ListItem\",\"position\":2,\"name\":\"IMEFY ZONA 5 TOLEDO se bat pour une place en Final Four contre le C.B. UCA de Albacete\"}]},{\"@type\":\"WebSite\",\"@id\":\"\\\/#website\",\"url\":\"\\\/\",\"name\":\"IMEFY\",\"description\":\"Fabricaci\u00f3n de transformadores de distribuci\u00f3n y potencia\",\"potentialAction\":[{\"@type\":\"SearchAction\",\"target\":{\"@type\":\"EntryPoint\",\"urlTemplate\":\"\\\/?s={search_term_string}\"},\"query-input\":{\"@type\":\"PropertyValueSpecification\",\"valueRequired\":true,\"valueName\":\"search_term_string\"}}],\"inLanguage\":\"fr-FR\"},{\"@type\":\"Person\",\"@id\":\"\\\/#\\\/schema\\\/person\\\/499fc19124d91e01b34e4037e8253198\",\"name\":\"jdiaz\"}]}<\/script>\n<!-- \/ Yoast SEO Premium plugin. -->","yoast_head_json":{"title":"IMEFY ZONA 5 TOLEDO se bat pour une place en Final Four contre le C.B. UCA de Albacete - IMEFY","description":"IMEFY ZONE 5 TOLEDO cherche une place en Final 4 contre le C.B. UCA de Albacete dans un match de barrage passionnant.","robots":{"index":"index","follow":"follow","max-snippet":"max-snippet:-1","max-image-preview":"max-image-preview:large","max-video-preview":"max-video-preview:-1"},"canonical":"https:\/\/imefy.com\/fr\/imefy-zona-5-toledo-combat-pour-une-place-dans-le-final-quatre-contre-cb-uca-de-albacete\/","og_locale":"fr_FR","og_type":"article","og_title":"IMEFY ZONA 5 TOLEDO se bat pour une place en Final Four contre le C.B. UCA de Albacete","og_description":"IMEFY ZONE 5 TOLEDO cherche une place en Final 4 contre le C.B. UCA de Albacete dans un match de barrage passionnant.","og_url":"https:\/\/imefy.com\/fr\/imefy-zona-5-toledo-combat-pour-une-place-dans-le-final-quatre-contre-cb-uca-de-albacete\/","og_site_name":"IMEFY","article_publisher":"https:\/\/www.facebook.com\/pages\/Imefy-Group\/852590684780185","article_published_time":"2025-04-10T06:28:33+00:00","article_modified_time":"2025-04-11T06:48:36+00:00","og_image":[{"width":1200,"height":630,"url":"https:\/\/imefy.com\/wp-content\/uploads\/2025\/04\/cb-uca-de-albacete-imefy.jpg","type":"image\/jpeg"}],"author":"jdiaz","twitter_card":"summary_large_image","twitter_description":"IMEFY ZONE 5 TOLEDO cherche une place en Final 4 contre le C.B. UCA de Albacete dans un match de barrage passionnant.","twitter_creator":"@imefygroup","twitter_site":"@imefygroup","twitter_misc":{"\u00c9crit par":"jdiaz","Dur\u00e9e de lecture estim\u00e9e":"2 minutes"},"schema":{"@context":"https:\/\/schema.org","@graph":[{"@type":"Article","@id":"https:\/\/imefy.com\/fr\/imefy-zona-5-toledo-combat-pour-une-place-dans-le-final-quatre-contre-cb-uca-de-albacete\/#article","isPartOf":{"@id":"https:\/\/imefy.com\/fr\/imefy-zona-5-toledo-combat-pour-une-place-dans-le-final-quatre-contre-cb-uca-de-albacete\/"},"author":{"name":"jdiaz","@id":"\/#\/schema\/person\/499fc19124d91e01b34e4037e8253198"},"headline":"IMEFY ZONA 5 TOLEDO se bat pour une place en Final Four contre le C.B. UCA de Albacete","datePublished":"2025-04-10T06:28:33+00:00","dateModified":"2025-04-11T06:48:36+00:00","mainEntityOfPage":{"@id":"https:\/\/imefy.com\/fr\/imefy-zona-5-toledo-combat-pour-une-place-dans-le-final-quatre-contre-cb-uca-de-albacete\/"},"wordCount":303,"image":{"@id":"https:\/\/imefy.com\/fr\/imefy-zona-5-toledo-combat-pour-une-place-dans-le-final-quatre-contre-cb-uca-de-albacete\/#primaryimage"},"thumbnailUrl":"https:\/\/imefy.com\/wp-content\/uploads\/2025\/04\/cb-uca-de-albacete-imefy.jpg","articleSection":["2025"],"inLanguage":"fr-FR"},{"@type":"WebPage","@id":"https:\/\/imefy.com\/fr\/imefy-zona-5-toledo-combat-pour-une-place-dans-le-final-quatre-contre-cb-uca-de-albacete\/","url":"https:\/\/imefy.com\/fr\/imefy-zona-5-toledo-combat-pour-une-place-dans-le-final-quatre-contre-cb-uca-de-albacete\/","name":"IMEFY ZONA 5 TOLEDO se bat pour une place en Final Four contre le C.B. UCA de Albacete - IMEFY","isPartOf":{"@id":"\/#website"},"primaryImageOfPage":{"@id":"https:\/\/imefy.com\/fr\/imefy-zona-5-toledo-combat-pour-une-place-dans-le-final-quatre-contre-cb-uca-de-albacete\/#primaryimage"},"image":{"@id":"https:\/\/imefy.com\/fr\/imefy-zona-5-toledo-combat-pour-une-place-dans-le-final-quatre-contre-cb-uca-de-albacete\/#primaryimage"},"thumbnailUrl":"https:\/\/imefy.com\/wp-content\/uploads\/2025\/04\/cb-uca-de-albacete-imefy.jpg","datePublished":"2025-04-10T06:28:33+00:00","dateModified":"2025-04-11T06:48:36+00:00","author":{"@id":"\/#\/schema\/person\/499fc19124d91e01b34e4037e8253198"},"description":"IMEFY ZONE 5 TOLEDO cherche une place en Final 4 contre le C.B. UCA de Albacete dans un match de barrage passionnant.","breadcrumb":{"@id":"https:\/\/imefy.com\/fr\/imefy-zona-5-toledo-combat-pour-une-place-dans-le-final-quatre-contre-cb-uca-de-albacete\/#breadcrumb"},"inLanguage":"fr-FR","potentialAction":[{"@type":"ReadAction","target":["https:\/\/imefy.com\/fr\/imefy-zona-5-toledo-combat-pour-une-place-dans-le-final-quatre-contre-cb-uca-de-albacete\/"]}]},{"@type":"ImageObject","inLanguage":"fr-FR","@id":"https:\/\/imefy.com\/fr\/imefy-zona-5-toledo-combat-pour-une-place-dans-le-final-quatre-contre-cb-uca-de-albacete\/#primaryimage","url":"https:\/\/imefy.com\/wp-content\/uploads\/2025\/04\/cb-uca-de-albacete-imefy.jpg","contentUrl":"https:\/\/imefy.com\/wp-content\/uploads\/2025\/04\/cb-uca-de-albacete-imefy.jpg","width":1200,"height":630,"caption":"IMEFY ZONA 5 play off C.B. UCA de Albacete"},{"@type":"BreadcrumbList","@id":"https:\/\/imefy.com\/fr\/imefy-zona-5-toledo-combat-pour-une-place-dans-le-final-quatre-contre-cb-uca-de-albacete\/#breadcrumb","itemListElement":[{"@type":"ListItem","position":1,"name":"Portada","item":"https:\/\/imefy.com\/fr\/"},{"@type":"ListItem","position":2,"name":"IMEFY ZONA 5 TOLEDO se bat pour une place en Final Four contre le C.B. UCA de Albacete"}]},{"@type":"WebSite","@id":"\/#website","url":"\/","name":"IMEFY","description":"Fabricaci\u00f3n de transformadores de distribuci\u00f3n y potencia","potentialAction":[{"@type":"SearchAction","target":{"@type":"EntryPoint","urlTemplate":"\/?s={search_term_string}"},"query-input":{"@type":"PropertyValueSpecification","valueRequired":true,"valueName":"search_term_string"}}],"inLanguage":"fr-FR"},{"@type":"Person","@id":"\/#\/schema\/person\/499fc19124d91e01b34e4037e8253198","name":"jdiaz"}]}},"_links":{"self":[{"href":"https:\/\/imefy.com\/fr\/wp-json\/wp\/v2\/posts\/31171","targetHints":{"allow":["GET"]}}],"collection":[{"href":"https:\/\/imefy.com\/fr\/wp-json\/wp\/v2\/posts"}],"about":[{"href":"https:\/\/imefy.com\/fr\/wp-json\/wp\/v2\/types\/post"}],"author":[{"embeddable":true,"href":"https:\/\/imefy.com\/fr\/wp-json\/wp\/v2\/users\/10"}],"replies":[{"embeddable":true,"href":"https:\/\/imefy.com\/fr\/wp-json\/wp\/v2\/comments?post=31171"}],"version-history":[{"count":0,"href":"https:\/\/imefy.com\/fr\/wp-json\/wp\/v2\/posts\/31171\/revisions"}],"wp:featuredmedia":[{"embeddable":true,"href":"https:\/\/imefy.com\/fr\/wp-json\/wp\/v2\/media\/31180"}],"wp:attachment":[{"href":"https:\/\/imefy.com\/fr\/wp-json\/wp\/v2\/media?parent=31171"}],"wp:term":[{"taxonomy":"category","embeddable":true,"href":"https:\/\/imefy.com\/fr\/wp-json\/wp\/v2\/categories?post=31171"},{"taxonomy":"post_tag","embeddable":true,"href":"https:\/\/imefy.com\/fr\/wp-json\/wp\/v2\/tags?post=31171"}],"curies":[{"name":"wp","href":"https:\/\/api.w.org\/{rel}","templated":true}]}}