{"id":30836,"date":"2025-03-14T11:03:46","date_gmt":"2025-03-14T10:03:46","guid":{"rendered":"https:\/\/imefy.com\/imefy-transformador-potencia-planta-hidrogeno-renovable-iberdrola-bp\/"},"modified":"2025-03-21T08:30:57","modified_gmt":"2025-03-21T07:30:57","slug":"imefy-dostarczy-transformator-mocy-do-iberdroli-i-bp","status":"publish","type":"post","link":"https:\/\/imefy.com\/pl\/imefy-dostarczy-transformator-mocy-do-iberdroli-i-bp\/","title":{"rendered":"IMEFY dostarczy transformator mocy dla nowej elektrowni wodorowej Iberdrola i bp"},"content":{"rendered":"<div class=\"flex max-w-full flex-col flex-grow\">\n<div class=\"min-h-8 text-message flex w-full flex-col items-end gap-2 whitespace-normal break-words text-start [.text-message+&amp;]:mt-5\" dir=\"auto\" data-message-author-role=\"assistant\" data-message-id=\"d761fae5-3492-4806-914c-3573784ac1ea\" data-message-model-slug=\"gpt-4o-mini\">\n<div class=\"flex w-full flex-col gap-1 empty:hidden first:pt-[3px]\">\n<div class=\"markdown prose w-full break-words dark:prose-invert light\">\n<p data-start=\"206\" data-end=\"359\">IMEFY podpisa\u0142o umow\u0119 z Iberdrola i bp na produkcj\u0119 i dostaw\u0119 transformatora mocy dla najwi\u0119kszej w Hiszpanii elektrowni produkuj\u0105cej odnawialny wod\u00f3r.<\/p>\n<div class=\"flex max-w-full flex-col flex-grow\">\n<div class=\"min-h-8 text-message flex w-full flex-col items-end gap-2 whitespace-normal break-words text-start [.text-message+&amp;]:mt-5\" dir=\"auto\" data-message-author-role=\"assistant\" data-message-id=\"1610e6c7-8460-49eb-83cd-1345a0215a1f\" data-message-model-slug=\"gpt-4o-mini\">\n<div class=\"flex w-full flex-col gap-1 empty:hidden first:pt-[3px]\">\n<div class=\"markdown prose w-full break-words dark:prose-invert light\">\n<h3 data-start=\"361\" data-end=\"416\">Kamie\u0144 milowy w zr\u00f3wnowa\u017conej elektryfikacji<\/h3>\n<p data-start=\"418\" data-end=\"754\">IMEFY dostarczy tr\u00f3jfazowy transformator mocy o mocy 37 MVA i wsp\u00f3\u0142czynniku transformacji 66\/30 kV. To urz\u0105dzenie b\u0119dzie kluczowe dla zapewnienia prawid\u0142owego dzia\u0142ania 25 MW elektrolizera, kt\u00f3ry b\u0119dzie produkowa\u0142 zielony wod\u00f3r w zak\u0142adzie Iberdrola i bp w Castell\u00f3n. Dostawa i uruchomienie s\u0105 planowane na pierwszy kwarta\u0142 2026 roku.<\/p>\n<p data-start=\"756\" data-end=\"1054\">Zaufanie, jakim Iberdrola i bp obdarzy\u0142y IMEFY poprzez sp\u00f3\u0142k\u0119 Castell\u00f3n Green Hydrogen, podkre\u015bla znaczenie hiszpa\u0144skich firm w rozwijaniu innowacyjnych technologii energetycznych. Ten kontrakt wzmacnia pozycj\u0119 IMEFY jako lidera w bran\u017cy i potwierdza jego zdolno\u015b\u0107 do realizacji du\u017cych projekt\u00f3w.<\/p>\n<\/div>\n<\/div>\n<\/div>\n<\/div>\n<\/div>\n<\/div>\n<\/div>\n<\/div>\n<h3 data-start=\"1056\" data-end=\"1111\">Wp\u0142yw projektu na transformacj\u0119 energetyczn\u0105<\/h3>\n<p data-start=\"1113\" data-end=\"1541\">Elektrownia wodorowa w Castell\u00f3n b\u0119dzie najwi\u0119ksz\u0105 tego typu instalacj\u0105 w Hiszpanii i b\u0119dzie zasilana energi\u0105 odnawialn\u0105 dostarczan\u0105 przez Iberdrola w ramach umowy PPA (Power Purchase Agreement). Dzi\u0119ki inwestycji przekraczaj\u0105cej 70 milion\u00f3w euro, projekt wpisuje si\u0119 w cele dekarbonizacji przemys\u0142u, zast\u0119puj\u0105c szary wod\u00f3r (pochodz\u0105cy z gazu ziemnego) wodorem zielonym, co pozwoli na redukcj\u0119 emisji CO\u2082 o 23 000 ton rocznie.<\/p>\n<p data-start=\"1543\" data-end=\"1920\">To osi\u0105gni\u0119cie przyniesie korzy\u015bci nie tylko rafinerii bp, ale tak\u017ce mo\u017ce zosta\u0107 rozszerzone w kolejnych fazach na kluczowe sektory przemys\u0142owe, takie jak przemys\u0142 ceramiczny, chemiczny i transport ci\u0119\u017cki w regionie Walencji. Ponadto projekt otrzyma\u0142 15 milion\u00f3w euro finansowania w ramach Hiszpa\u0144skiego Planu Odbudowy, Transformacji i Odporno\u015bci ze \u015brodk\u00f3w NextGenerationEU.<\/p>\n<div style=\"width: 1170px;\" class=\"wp-video\"><video class=\"wp-video-shortcode\" id=\"video-30836-1\" width=\"1170\" height=\"658\" preload=\"metadata\" controls=\"controls\"><source type=\"video\/mp4\" src=\"https:\/\/imefy.com\/wp-content\/uploads\/2025\/02\/IMEFY-IBERDROLA-Y-BP.mp4?_=1\" \/><a href=\"https:\/\/imefy.com\/wp-content\/uploads\/2025\/02\/IMEFY-IBERDROLA-Y-BP.mp4\">https:\/\/imefy.com\/wp-content\/uploads\/2025\/02\/IMEFY-IBERDROLA-Y-BP.mp4<\/a><\/video><\/div>\n<h3 data-start=\"1922\" data-end=\"1974\">IMEFY: Innowacja i przyw\u00f3dztwo w sektorze<\/h3>\n<div class=\"flex max-w-full flex-col flex-grow\">\n<div class=\"min-h-8 text-message flex w-full flex-col items-end gap-2 whitespace-normal break-words text-start [.text-message+&amp;]:mt-5\" dir=\"auto\" data-message-author-role=\"assistant\" data-message-id=\"b9b9423c-dc49-43be-9524-dda277e7632b\" data-message-model-slug=\"gpt-4o-mini\">\n<div class=\"flex w-full flex-col gap-1 empty:hidden first:pt-[3px]\">\n<div class=\"markdown prose w-full break-words dark:prose-invert light\">\n<p data-start=\"1976\" data-end=\"2413\">Prezes IMEFY, Eduardo Fontecha, podkre\u015bli\u0142 znaczenie tej umowy dla firmy: &#8220;G\u0142\u00f3wn\u0105 cech\u0105 tego transformatora jest to, \u017ce jego moc nie jest standardowa (37\/33 MVA). Jednak najwa\u017cniejszym aspektem jest jego lokalizacja \u2013 zak\u0142ad produkcji zielonego wodoru w Castell\u00f3n. Ju\u017c teraz regularnie wsp\u00f3\u0142pracujemy z Iberdrol\u0105 i BP, ale ten projekt jest bardzo presti\u017cowy i zapewni nam wa\u017cn\u0105 referencj\u0119 zar\u00f3wno na poziomie krajowym, jak i mi\u0119dzynarodowym.&#8221;<\/p>\n<p data-start=\"2415\" data-end=\"2668\">Zdobycie kontraktu na dostaw\u0119 transformatora dla zak\u0142adu w Castell\u00f3n to istotne osi\u0105gni\u0119cie dla IMEFY. W miar\u0119 wzrostu zapotrzebowania na zielony wod\u00f3r IMEFY nadal przewodzi innowacjom w bran\u017cy, demonstruj\u0105c zdolno\u015b\u0107 do sprostania przysz\u0142ym wyzwaniom.<\/p>\n<\/div>\n<\/div>\n<\/div>\n<\/div>\n","protected":false},"excerpt":{"rendered":"<p>IMEFY podpisa\u0142o umow\u0119 z Iberdrola i bp na produkcj\u0119 i dostaw\u0119 transformatora mocy dla najwi\u0119kszej w Hiszpanii elektrowni produkuj\u0105cej odnawialny wod\u00f3r. Kamie\u0144 milowy  [&#8230;]<\/p>\n","protected":false},"author":10,"featured_media":30968,"comment_status":"closed","ping_status":"closed","sticky":false,"template":"","format":"standard","meta":{"footnotes":""},"categories":[487],"tags":[],"class_list":["post-30836","post","type-post","status-publish","format-standard","has-post-thumbnail","hentry","category-2025-pl"],"yoast_head":"<!-- This site is optimized with the Yoast SEO Premium plugin v27.4 (Yoast SEO v27.4) - https:\/\/yoast.com\/product\/yoast-seo-premium-wordpress\/ -->\n<title>IMEFY dostarczy transformator mocy do Iberdroli i BP<\/title>\n<meta name=\"description\" content=\"IMEFY dostarczy transformator mocy dla nowej odnawialnej elektrowni wodorowej Iberdrola i bp.\" \/>\n<meta name=\"robots\" content=\"index, follow, max-snippet:-1, max-image-preview:large, max-video-preview:-1\" \/>\n<link rel=\"canonical\" href=\"https:\/\/imefy.com\/pl\/imefy-dostarczy-transformator-mocy-do-iberdroli-i-bp\/\" \/>\n<meta property=\"og:locale\" content=\"pl_PL\" \/>\n<meta property=\"og:type\" content=\"article\" \/>\n<meta property=\"og:title\" content=\"IMEFY dostarczy transformator mocy dla nowej elektrowni wodorowej Iberdrola i bp\" \/>\n<meta property=\"og:description\" content=\"IMEFY dostarczy transformator mocy dla nowej odnawialnej elektrowni wodorowej Iberdrola i bp.\" \/>\n<meta property=\"og:url\" content=\"https:\/\/imefy.com\/pl\/imefy-dostarczy-transformator-mocy-do-iberdroli-i-bp\/\" \/>\n<meta property=\"og:site_name\" content=\"IMEFY\" \/>\n<meta property=\"article:publisher\" content=\"https:\/\/www.facebook.com\/pages\/Imefy-Group\/852590684780185\" \/>\n<meta property=\"article:published_time\" content=\"2025-03-14T10:03:46+00:00\" \/>\n<meta property=\"article:modified_time\" content=\"2025-03-21T07:30:57+00:00\" \/>\n<meta property=\"og:image\" content=\"https:\/\/imefy.com\/wp-content\/uploads\/2025\/02\/iberdrola-bp-imefy-portada.jpg\" \/>\n\t<meta property=\"og:image:width\" content=\"1200\" \/>\n\t<meta property=\"og:image:height\" content=\"630\" \/>\n\t<meta property=\"og:image:type\" content=\"image\/jpeg\" \/>\n<meta name=\"author\" content=\"jdiaz\" \/>\n<meta name=\"twitter:card\" content=\"summary_large_image\" \/>\n<meta name=\"twitter:description\" content=\"IMEFY dostarczy transformator mocy dla nowej odnawialnej elektrowni wodorowej Iberdrola i bp.\" \/>\n<meta name=\"twitter:creator\" content=\"@imefygroup\" \/>\n<meta name=\"twitter:site\" content=\"@imefygroup\" \/>\n<meta name=\"twitter:label1\" content=\"Napisane przez\" \/>\n\t<meta name=\"twitter:data1\" content=\"jdiaz\" \/>\n\t<meta name=\"twitter:label2\" content=\"Szacowany czas czytania\" \/>\n\t<meta name=\"twitter:data2\" content=\"2 minuty\" \/>\n<script type=\"application\/ld+json\" class=\"yoast-schema-graph\">{\"@context\":\"https:\\\/\\\/schema.org\",\"@graph\":[{\"@type\":\"Article\",\"@id\":\"https:\\\/\\\/imefy.com\\\/pl\\\/imefy-dostarczy-transformator-mocy-do-iberdroli-i-bp\\\/#article\",\"isPartOf\":{\"@id\":\"https:\\\/\\\/imefy.com\\\/pl\\\/imefy-dostarczy-transformator-mocy-do-iberdroli-i-bp\\\/\"},\"author\":{\"name\":\"jdiaz\",\"@id\":\"\\\/#\\\/schema\\\/person\\\/499fc19124d91e01b34e4037e8253198\"},\"headline\":\"IMEFY dostarczy transformator mocy dla nowej elektrowni wodorowej Iberdrola i bp\",\"datePublished\":\"2025-03-14T10:03:46+00:00\",\"dateModified\":\"2025-03-21T07:30:57+00:00\",\"mainEntityOfPage\":{\"@id\":\"https:\\\/\\\/imefy.com\\\/pl\\\/imefy-dostarczy-transformator-mocy-do-iberdroli-i-bp\\\/\"},\"wordCount\":407,\"image\":{\"@id\":\"https:\\\/\\\/imefy.com\\\/pl\\\/imefy-dostarczy-transformator-mocy-do-iberdroli-i-bp\\\/#primaryimage\"},\"thumbnailUrl\":\"https:\\\/\\\/imefy.com\\\/wp-content\\\/uploads\\\/2025\\\/02\\\/iberdrola-bp-imefy-portada.jpg\",\"articleSection\":[\"2025\"],\"inLanguage\":\"pl-PL\"},{\"@type\":\"WebPage\",\"@id\":\"https:\\\/\\\/imefy.com\\\/pl\\\/imefy-dostarczy-transformator-mocy-do-iberdroli-i-bp\\\/\",\"url\":\"https:\\\/\\\/imefy.com\\\/pl\\\/imefy-dostarczy-transformator-mocy-do-iberdroli-i-bp\\\/\",\"name\":\"IMEFY dostarczy transformator mocy do Iberdroli i BP\",\"isPartOf\":{\"@id\":\"\\\/#website\"},\"primaryImageOfPage\":{\"@id\":\"https:\\\/\\\/imefy.com\\\/pl\\\/imefy-dostarczy-transformator-mocy-do-iberdroli-i-bp\\\/#primaryimage\"},\"image\":{\"@id\":\"https:\\\/\\\/imefy.com\\\/pl\\\/imefy-dostarczy-transformator-mocy-do-iberdroli-i-bp\\\/#primaryimage\"},\"thumbnailUrl\":\"https:\\\/\\\/imefy.com\\\/wp-content\\\/uploads\\\/2025\\\/02\\\/iberdrola-bp-imefy-portada.jpg\",\"datePublished\":\"2025-03-14T10:03:46+00:00\",\"dateModified\":\"2025-03-21T07:30:57+00:00\",\"author\":{\"@id\":\"\\\/#\\\/schema\\\/person\\\/499fc19124d91e01b34e4037e8253198\"},\"description\":\"IMEFY dostarczy transformator mocy dla nowej odnawialnej elektrowni wodorowej Iberdrola i bp.\",\"breadcrumb\":{\"@id\":\"https:\\\/\\\/imefy.com\\\/pl\\\/imefy-dostarczy-transformator-mocy-do-iberdroli-i-bp\\\/#breadcrumb\"},\"inLanguage\":\"pl-PL\",\"potentialAction\":[{\"@type\":\"ReadAction\",\"target\":[\"https:\\\/\\\/imefy.com\\\/pl\\\/imefy-dostarczy-transformator-mocy-do-iberdroli-i-bp\\\/\"]}]},{\"@type\":\"ImageObject\",\"inLanguage\":\"pl-PL\",\"@id\":\"https:\\\/\\\/imefy.com\\\/pl\\\/imefy-dostarczy-transformator-mocy-do-iberdroli-i-bp\\\/#primaryimage\",\"url\":\"https:\\\/\\\/imefy.com\\\/wp-content\\\/uploads\\\/2025\\\/02\\\/iberdrola-bp-imefy-portada.jpg\",\"contentUrl\":\"https:\\\/\\\/imefy.com\\\/wp-content\\\/uploads\\\/2025\\\/02\\\/iberdrola-bp-imefy-portada.jpg\",\"width\":1200,\"height\":630,\"caption\":\"iberdrola-bp-imefy\"},{\"@type\":\"BreadcrumbList\",\"@id\":\"https:\\\/\\\/imefy.com\\\/pl\\\/imefy-dostarczy-transformator-mocy-do-iberdroli-i-bp\\\/#breadcrumb\",\"itemListElement\":[{\"@type\":\"ListItem\",\"position\":1,\"name\":\"Portada\",\"item\":\"https:\\\/\\\/imefy.com\\\/pl\\\/\"},{\"@type\":\"ListItem\",\"position\":2,\"name\":\"IMEFY dostarczy transformator mocy dla nowej elektrowni wodorowej Iberdrola i bp\"}]},{\"@type\":\"WebSite\",\"@id\":\"\\\/#website\",\"url\":\"\\\/\",\"name\":\"IMEFY\",\"description\":\"Fabricaci\u00f3n de transformadores de distribuci\u00f3n y potencia\",\"potentialAction\":[{\"@type\":\"SearchAction\",\"target\":{\"@type\":\"EntryPoint\",\"urlTemplate\":\"\\\/?s={search_term_string}\"},\"query-input\":{\"@type\":\"PropertyValueSpecification\",\"valueRequired\":true,\"valueName\":\"search_term_string\"}}],\"inLanguage\":\"pl-PL\"},{\"@type\":\"Person\",\"@id\":\"\\\/#\\\/schema\\\/person\\\/499fc19124d91e01b34e4037e8253198\",\"name\":\"jdiaz\"}]}<\/script>\n<!-- \/ Yoast SEO Premium plugin. -->","yoast_head_json":{"title":"IMEFY dostarczy transformator mocy do Iberdroli i BP","description":"IMEFY dostarczy transformator mocy dla nowej odnawialnej elektrowni wodorowej Iberdrola i bp.","robots":{"index":"index","follow":"follow","max-snippet":"max-snippet:-1","max-image-preview":"max-image-preview:large","max-video-preview":"max-video-preview:-1"},"canonical":"https:\/\/imefy.com\/pl\/imefy-dostarczy-transformator-mocy-do-iberdroli-i-bp\/","og_locale":"pl_PL","og_type":"article","og_title":"IMEFY dostarczy transformator mocy dla nowej elektrowni wodorowej Iberdrola i bp","og_description":"IMEFY dostarczy transformator mocy dla nowej odnawialnej elektrowni wodorowej Iberdrola i bp.","og_url":"https:\/\/imefy.com\/pl\/imefy-dostarczy-transformator-mocy-do-iberdroli-i-bp\/","og_site_name":"IMEFY","article_publisher":"https:\/\/www.facebook.com\/pages\/Imefy-Group\/852590684780185","article_published_time":"2025-03-14T10:03:46+00:00","article_modified_time":"2025-03-21T07:30:57+00:00","og_image":[{"width":1200,"height":630,"url":"https:\/\/imefy.com\/wp-content\/uploads\/2025\/02\/iberdrola-bp-imefy-portada.jpg","type":"image\/jpeg"}],"author":"jdiaz","twitter_card":"summary_large_image","twitter_description":"IMEFY dostarczy transformator mocy dla nowej odnawialnej elektrowni wodorowej Iberdrola i bp.","twitter_creator":"@imefygroup","twitter_site":"@imefygroup","twitter_misc":{"Napisane przez":"jdiaz","Szacowany czas czytania":"2 minuty"},"schema":{"@context":"https:\/\/schema.org","@graph":[{"@type":"Article","@id":"https:\/\/imefy.com\/pl\/imefy-dostarczy-transformator-mocy-do-iberdroli-i-bp\/#article","isPartOf":{"@id":"https:\/\/imefy.com\/pl\/imefy-dostarczy-transformator-mocy-do-iberdroli-i-bp\/"},"author":{"name":"jdiaz","@id":"\/#\/schema\/person\/499fc19124d91e01b34e4037e8253198"},"headline":"IMEFY dostarczy transformator mocy dla nowej elektrowni wodorowej Iberdrola i bp","datePublished":"2025-03-14T10:03:46+00:00","dateModified":"2025-03-21T07:30:57+00:00","mainEntityOfPage":{"@id":"https:\/\/imefy.com\/pl\/imefy-dostarczy-transformator-mocy-do-iberdroli-i-bp\/"},"wordCount":407,"image":{"@id":"https:\/\/imefy.com\/pl\/imefy-dostarczy-transformator-mocy-do-iberdroli-i-bp\/#primaryimage"},"thumbnailUrl":"https:\/\/imefy.com\/wp-content\/uploads\/2025\/02\/iberdrola-bp-imefy-portada.jpg","articleSection":["2025"],"inLanguage":"pl-PL"},{"@type":"WebPage","@id":"https:\/\/imefy.com\/pl\/imefy-dostarczy-transformator-mocy-do-iberdroli-i-bp\/","url":"https:\/\/imefy.com\/pl\/imefy-dostarczy-transformator-mocy-do-iberdroli-i-bp\/","name":"IMEFY dostarczy transformator mocy do Iberdroli i BP","isPartOf":{"@id":"\/#website"},"primaryImageOfPage":{"@id":"https:\/\/imefy.com\/pl\/imefy-dostarczy-transformator-mocy-do-iberdroli-i-bp\/#primaryimage"},"image":{"@id":"https:\/\/imefy.com\/pl\/imefy-dostarczy-transformator-mocy-do-iberdroli-i-bp\/#primaryimage"},"thumbnailUrl":"https:\/\/imefy.com\/wp-content\/uploads\/2025\/02\/iberdrola-bp-imefy-portada.jpg","datePublished":"2025-03-14T10:03:46+00:00","dateModified":"2025-03-21T07:30:57+00:00","author":{"@id":"\/#\/schema\/person\/499fc19124d91e01b34e4037e8253198"},"description":"IMEFY dostarczy transformator mocy dla nowej odnawialnej elektrowni wodorowej Iberdrola i bp.","breadcrumb":{"@id":"https:\/\/imefy.com\/pl\/imefy-dostarczy-transformator-mocy-do-iberdroli-i-bp\/#breadcrumb"},"inLanguage":"pl-PL","potentialAction":[{"@type":"ReadAction","target":["https:\/\/imefy.com\/pl\/imefy-dostarczy-transformator-mocy-do-iberdroli-i-bp\/"]}]},{"@type":"ImageObject","inLanguage":"pl-PL","@id":"https:\/\/imefy.com\/pl\/imefy-dostarczy-transformator-mocy-do-iberdroli-i-bp\/#primaryimage","url":"https:\/\/imefy.com\/wp-content\/uploads\/2025\/02\/iberdrola-bp-imefy-portada.jpg","contentUrl":"https:\/\/imefy.com\/wp-content\/uploads\/2025\/02\/iberdrola-bp-imefy-portada.jpg","width":1200,"height":630,"caption":"iberdrola-bp-imefy"},{"@type":"BreadcrumbList","@id":"https:\/\/imefy.com\/pl\/imefy-dostarczy-transformator-mocy-do-iberdroli-i-bp\/#breadcrumb","itemListElement":[{"@type":"ListItem","position":1,"name":"Portada","item":"https:\/\/imefy.com\/pl\/"},{"@type":"ListItem","position":2,"name":"IMEFY dostarczy transformator mocy dla nowej elektrowni wodorowej Iberdrola i bp"}]},{"@type":"WebSite","@id":"\/#website","url":"\/","name":"IMEFY","description":"Fabricaci\u00f3n de transformadores de distribuci\u00f3n y potencia","potentialAction":[{"@type":"SearchAction","target":{"@type":"EntryPoint","urlTemplate":"\/?s={search_term_string}"},"query-input":{"@type":"PropertyValueSpecification","valueRequired":true,"valueName":"search_term_string"}}],"inLanguage":"pl-PL"},{"@type":"Person","@id":"\/#\/schema\/person\/499fc19124d91e01b34e4037e8253198","name":"jdiaz"}]}},"_links":{"self":[{"href":"https:\/\/imefy.com\/pl\/wp-json\/wp\/v2\/posts\/30836","targetHints":{"allow":["GET"]}}],"collection":[{"href":"https:\/\/imefy.com\/pl\/wp-json\/wp\/v2\/posts"}],"about":[{"href":"https:\/\/imefy.com\/pl\/wp-json\/wp\/v2\/types\/post"}],"author":[{"embeddable":true,"href":"https:\/\/imefy.com\/pl\/wp-json\/wp\/v2\/users\/10"}],"replies":[{"embeddable":true,"href":"https:\/\/imefy.com\/pl\/wp-json\/wp\/v2\/comments?post=30836"}],"version-history":[{"count":0,"href":"https:\/\/imefy.com\/pl\/wp-json\/wp\/v2\/posts\/30836\/revisions"}],"wp:featuredmedia":[{"embeddable":true,"href":"https:\/\/imefy.com\/pl\/wp-json\/wp\/v2\/media\/30968"}],"wp:attachment":[{"href":"https:\/\/imefy.com\/pl\/wp-json\/wp\/v2\/media?parent=30836"}],"wp:term":[{"taxonomy":"category","embeddable":true,"href":"https:\/\/imefy.com\/pl\/wp-json\/wp\/v2\/categories?post=30836"},{"taxonomy":"post_tag","embeddable":true,"href":"https:\/\/imefy.com\/pl\/wp-json\/wp\/v2\/tags?post=30836"}],"curies":[{"name":"wp","href":"https:\/\/api.w.org\/{rel}","templated":true}]}}