{"id":30863,"date":"2025-02-07T08:44:30","date_gmt":"2025-02-07T07:44:30","guid":{"rendered":"https:\/\/imefy.com\/?p=30863"},"modified":"2025-02-07T10:30:01","modified_gmt":"2025-02-07T09:30:01","slug":"raport-wydajnosci-srodowiskowej-2024-zaangazowanie-w-zrownowazony-rozwoj","status":"publish","type":"post","link":"https:\/\/imefy.com\/pl\/raport-wydajnosci-srodowiskowej-2024-zaangazowanie-w-zrownowazony-rozwoj\/","title":{"rendered":"Raport Wydajno\u015bci \u015arodowiskowej 2024, Zaanga\u017cowanie w Zr\u00f3wnowa\u017cony Rozw\u00f3j"},"content":{"rendered":"<p><span style=\"font-weight: 400;\">W 2024 roku IMEFY przeprowadzi\u0142o dok\u0142adny proces oceny swojej wydajno\u015bci \u015brodowiskowej, koncentruj\u0105c si\u0119 na r\u00f3\u017cnych kluczowych obszarach zarz\u0105dzania \u015brodowiskiem. Poprzez starann\u0105 analiz\u0119 swoich polityk, praktyk i wynik\u00f3w, organizacja zdefiniowa\u0142a zestaw strategicznych cel\u00f3w, aby kontynuowa\u0107 rozw\u00f3j swojego zaanga\u017cowania w zr\u00f3wnowa\u017cony rozw\u00f3j i przestrzeganie przepis\u00f3w \u015brodowiskowych.<\/span><\/p>\n<h3><b>Ocena Wydajno\u015bci \u015arodowiskowej<\/b><\/h3>\n<p><span style=\"font-weight: 400;\">Ocena wydajno\u015bci \u015brodowiskowej IMEFY zosta\u0142a przeprowadzona na podstawie szeregu podstawowych kryteri\u00f3w, kt\u00f3re obejmuj\u0105:<\/span><\/p>\n<ul>\n<li><b>Ocena prawna<\/b><span style=\"font-weight: 400;\">: IMEFY szczeg\u00f3\u0142owo sprawdzi\u0142o przestrzeganie wszystkich obowi\u0105zuj\u0105cych przepis\u00f3w prawnych, zapewniaj\u0105c zgodno\u015b\u0107 swoich praktyk z obowi\u0105zuj\u0105cymi przepisami.<\/span><\/li>\n<li><b>Plan kontroli operacyjnej wymaga\u0144 prawnych<\/b><span style=\"font-weight: 400;\">: Przeprowadzono okresowy nadz\u00f3r nad wymaganiami prawnymi, oceniaj\u0105c dane generowane przez dzia\u0142ania operacyjne w celu zapewnienia poprawnej realizacji norm.<\/span><\/li>\n<li><b>Analiza przysz\u0142ych trend\u00f3w<\/b><span style=\"font-weight: 400;\">: Organizacja przeprowadzi\u0142a kompleksow\u0105 analiz\u0119 zar\u00f3wno wewn\u0119trznego rozwoju nowych proces\u00f3w, jak i trend\u00f3w legislacyjnych, kt\u00f3re mog\u0105 wp\u0142yn\u0105\u0107 na jej przysz\u0142\u0105 wydajno\u015b\u0107 \u015brodowiskow\u0105.<\/span><\/li>\n<li><b>Badanie i przetwarzanie danych \u015brodowiskowych<\/b><span style=\"font-weight: 400;\">: IMEFY zebra\u0142o i przetworzy\u0142o wszystkie dane dotycz\u0105ce wydajno\u015bci \u015brodowiskowej uzyskane w 2024 roku, umo\u017cliwiaj\u0105c dok\u0142adn\u0105 ocen\u0119 jego wp\u0142ywu.<\/span><\/li>\n<li style=\"list-style-type: none;\"><\/li>\n<\/ul>\n<h3><b>System Zarz\u0105dzania \u015arodowiskowego i Certyfikacje<\/b><\/h3>\n<p><span style=\"font-weight: 400;\">IMEFY opracowa\u0142o metodologi\u0119 operacyjn\u0105 do wykrywania ryzyk i szans, co umo\u017cliwia skuteczne zarz\u0105dzanie tymi aspektami, zapewniaj\u0105c kontrol\u0119 i monitorowanie wszystkich wdro\u017conych dzia\u0142a\u0144. W wyniku tego systematycznego podej\u015bcia IMEFY uzyska\u0142o wa\u017cne certyfikaty, takie jak:<\/span><\/p>\n<ul>\n<li style=\"font-weight: 400;\" aria-level=\"1\"><b>Certyfikat ISO 14001<\/b><span style=\"font-weight: 400;\">: Zapewniaj\u0105c zgodno\u015b\u0107 z wymaganiami okre\u015blonymi w swoim Systemie Zarz\u0105dzania \u015arodowiskowego.<\/span><\/li>\n<li style=\"font-weight: 400;\" aria-level=\"1\"><b>Obliczenie \u015aladu W\u0119glowego ISO 14064-1<\/b><span style=\"font-weight: 400;\">: Pozwoli\u0142o na weryfikacj\u0119 emisji gaz\u00f3w cieplarnianych (GHG), zapewniaj\u0105c zgodno\u015b\u0107 z normami dotycz\u0105cymi redukcji \u015bladu w\u0119glowego.<\/span><\/li>\n<\/ul>\n<p><span style=\"font-weight: 400;\">Te certyfikaty odzwierciedlaj\u0105 zaanga\u017cowanie IMEFY w zarz\u0105dzanie \u015brodowiskowe w kluczowych obszarach, takich jak zarz\u0105dzanie odpadami niebezpiecznymi i nie niebezpiecznymi, optymalizacja zu\u017cycia zasob\u00f3w naturalnych, kontrola zu\u017cycia energii i kontrola emisji.<\/span><\/p>\n<p style=\"text-align: center;\"><a href=\"https:\/\/imefy.com\/pl\/komunikacja-dotyczaca-wydajnosci-srodowiskowej\/\" target=\"_blank\" rel=\"noopener\"><b>PRZECZYTAJ CA\u0141Y RAPORT WYDAJNO\u015aCI \u015aRODOWISKOWEJ 2024<\/b><\/a><\/p>\n<p><a href=\"https:\/\/imefy.com\/pl\/komunikacja-dotyczaca-wydajnosci-srodowiskowej\/\"><img loading=\"lazy\" decoding=\"async\" class=\"aligncenter wp-image-25620\" src=\"https:\/\/imefy.com\/wp-content\/uploads\/2023\/01\/Imefy_desempeno-ambiental-300x120.jpg\" alt=\"\" width=\"638\" height=\"255\" \/><\/a><\/p>\n<p><b>Zobowi\u0105zania na rok 2025<\/b><\/p>\n<p><span style=\"font-weight: 400;\">Na podstawie oceny wydajno\u015bci \u015brodowiskowej z 2024 roku IMEFY zobowi\u0105zuje si\u0119 kontynuowa\u0107 swoj\u0105 drog\u0119 ku zr\u00f3wnowa\u017conemu rozwojowi, ustalaj\u0105c cele na rok 2025. Niekt\u00f3re z nich to:<\/span><\/p>\n<ul>\n<li style=\"font-weight: 400;\" aria-level=\"1\"><span style=\"font-weight: 400;\">Zredukowanie emisji CO2eq o 2% w por\u00f3wnaniu z rokiem 2023.<\/span><\/li>\n<li style=\"font-weight: 400;\" aria-level=\"1\"><span style=\"font-weight: 400;\">Zredukowanie wytwarzania odpad\u00f3w niebezpiecznych o 2% w 2025 roku w por\u00f3wnaniu z 2024 rokiem.<\/span><\/li>\n<li style=\"font-weight: 400;\" aria-level=\"1\"><span style=\"font-weight: 400;\">Wdro\u017cenie system\u00f3w SCADA i PME: Do monitorowania zu\u017cycia zasob\u00f3w w czasie rzeczywistym i optymalizacji ich zu\u017cycia.<\/span><\/li>\n<li style=\"font-weight: 400;\" aria-level=\"1\"><span style=\"font-weight: 400;\">Utrzymanie zakupu energii elektrycznej 100% odnawialnej z gwarancj\u0105 pochodzenia.<\/span><\/li>\n<\/ul>\n<p><span style=\"font-weight: 400;\">Dzi\u0119ki tym wysi\u0142kom i zobowi\u0105zaniom IMEFY kontynuuje post\u0119p na swojej drodze ku zr\u00f3wnowa\u017conemu rozwojowi, wdra\u017caj\u0105c istotne usprawnienia w zarz\u0105dzaniu \u015brodowiskowym i wzmacniaj\u0105c swoje zaanga\u017cowanie na rzecz zmniejszenia negatywnego wp\u0142ywu na \u015brodowisko.<\/span><\/p>\n","protected":false},"excerpt":{"rendered":"<p>W 2024 roku IMEFY przeprowadzi\u0142o dok\u0142adny proces oceny swojej wydajno\u015bci \u015brodowiskowej, koncentruj\u0105c si\u0119 na r\u00f3\u017cnych kluczowych obszarach zarz\u0105dzania \u015brodowiskiem. Poprzez starann\u0105 analiz\u0119 swoich  [&#8230;]<\/p>\n","protected":false},"author":10,"featured_media":30858,"comment_status":"closed","ping_status":"closed","sticky":false,"template":"","format":"standard","meta":{"footnotes":""},"categories":[388],"tags":[],"class_list":["post-30863","post","type-post","status-publish","format-standard","has-post-thumbnail","hentry","category-2024-pl"],"yoast_head":"<!-- This site is optimized with the Yoast SEO Premium plugin v27.4 (Yoast SEO v27.5) - https:\/\/yoast.com\/product\/yoast-seo-premium-wordpress\/ -->\n<title>Raport Wydajno\u015bci \u015arodowiskowej 2024 - IMEFY<\/title>\n<meta name=\"description\" content=\"IMEFY przeprowadzi\u0142o proces oceny swojej wydajno\u015bci \u015brodowiskowej, koncentruj\u0105c si\u0119 na r\u00f3\u017cnych kluczowych obszarach zarz\u0105dzania \u015brodowiskowego.\" \/>\n<meta name=\"robots\" content=\"index, follow, max-snippet:-1, max-image-preview:large, max-video-preview:-1\" \/>\n<link rel=\"canonical\" href=\"https:\/\/imefy.com\/pl\/raport-wydajnosci-srodowiskowej-2024-zaangazowanie-w-zrownowazony-rozwoj\/\" \/>\n<meta property=\"og:locale\" content=\"pl_PL\" \/>\n<meta property=\"og:type\" content=\"article\" \/>\n<meta property=\"og:title\" content=\"Raport Wydajno\u015bci \u015arodowiskowej 2024, Zaanga\u017cowanie w Zr\u00f3wnowa\u017cony Rozw\u00f3j\" \/>\n<meta property=\"og:description\" content=\"IMEFY przeprowadzi\u0142o proces oceny swojej wydajno\u015bci \u015brodowiskowej, koncentruj\u0105c si\u0119 na r\u00f3\u017cnych kluczowych obszarach zarz\u0105dzania \u015brodowiskowego.\" \/>\n<meta property=\"og:url\" content=\"https:\/\/imefy.com\/pl\/raport-wydajnosci-srodowiskowej-2024-zaangazowanie-w-zrownowazony-rozwoj\/\" \/>\n<meta property=\"og:site_name\" content=\"IMEFY\" \/>\n<meta property=\"article:publisher\" content=\"https:\/\/www.facebook.com\/pages\/Imefy-Group\/852590684780185\" \/>\n<meta property=\"article:published_time\" content=\"2025-02-07T07:44:30+00:00\" \/>\n<meta property=\"article:modified_time\" content=\"2025-02-07T09:30:01+00:00\" \/>\n<meta property=\"og:image\" content=\"https:\/\/imefy.com\/wp-content\/uploads\/2025\/02\/desempeno-ambiental-imefy.jpg\" \/>\n\t<meta property=\"og:image:width\" content=\"1200\" \/>\n\t<meta property=\"og:image:height\" content=\"630\" \/>\n\t<meta property=\"og:image:type\" content=\"image\/jpeg\" \/>\n<meta name=\"author\" content=\"jdiaz\" \/>\n<meta name=\"twitter:card\" content=\"summary_large_image\" \/>\n<meta name=\"twitter:description\" content=\"IMEFY przeprowadzi\u0142o proces oceny swojej wydajno\u015bci \u015brodowiskowej, koncentruj\u0105c si\u0119 na r\u00f3\u017cnych kluczowych obszarach zarz\u0105dzania \u015brodowiskowego.\" \/>\n<meta name=\"twitter:creator\" content=\"@imefygroup\" \/>\n<meta name=\"twitter:site\" content=\"@imefygroup\" \/>\n<meta name=\"twitter:label1\" content=\"Napisane przez\" \/>\n\t<meta name=\"twitter:data1\" content=\"jdiaz\" \/>\n\t<meta name=\"twitter:label2\" content=\"Szacowany czas czytania\" \/>\n\t<meta name=\"twitter:data2\" content=\"3 minuty\" \/>\n<script type=\"application\/ld+json\" class=\"yoast-schema-graph\">{\"@context\":\"https:\\\/\\\/schema.org\",\"@graph\":[{\"@type\":\"Article\",\"@id\":\"https:\\\/\\\/imefy.com\\\/pl\\\/raport-wydajnosci-srodowiskowej-2024-zaangazowanie-w-zrownowazony-rozwoj\\\/#article\",\"isPartOf\":{\"@id\":\"https:\\\/\\\/imefy.com\\\/pl\\\/raport-wydajnosci-srodowiskowej-2024-zaangazowanie-w-zrownowazony-rozwoj\\\/\"},\"author\":{\"name\":\"jdiaz\",\"@id\":\"\\\/#\\\/schema\\\/person\\\/499fc19124d91e01b34e4037e8253198\"},\"headline\":\"Raport Wydajno\u015bci \u015arodowiskowej 2024, Zaanga\u017cowanie w Zr\u00f3wnowa\u017cony Rozw\u00f3j\",\"datePublished\":\"2025-02-07T07:44:30+00:00\",\"dateModified\":\"2025-02-07T09:30:01+00:00\",\"mainEntityOfPage\":{\"@id\":\"https:\\\/\\\/imefy.com\\\/pl\\\/raport-wydajnosci-srodowiskowej-2024-zaangazowanie-w-zrownowazony-rozwoj\\\/\"},\"wordCount\":465,\"image\":{\"@id\":\"https:\\\/\\\/imefy.com\\\/pl\\\/raport-wydajnosci-srodowiskowej-2024-zaangazowanie-w-zrownowazony-rozwoj\\\/#primaryimage\"},\"thumbnailUrl\":\"https:\\\/\\\/imefy.com\\\/wp-content\\\/uploads\\\/2025\\\/02\\\/desempeno-ambiental-imefy.jpg\",\"articleSection\":[\"2024\"],\"inLanguage\":\"pl-PL\"},{\"@type\":\"WebPage\",\"@id\":\"https:\\\/\\\/imefy.com\\\/pl\\\/raport-wydajnosci-srodowiskowej-2024-zaangazowanie-w-zrownowazony-rozwoj\\\/\",\"url\":\"https:\\\/\\\/imefy.com\\\/pl\\\/raport-wydajnosci-srodowiskowej-2024-zaangazowanie-w-zrownowazony-rozwoj\\\/\",\"name\":\"Raport Wydajno\u015bci \u015arodowiskowej 2024 - IMEFY\",\"isPartOf\":{\"@id\":\"\\\/#website\"},\"primaryImageOfPage\":{\"@id\":\"https:\\\/\\\/imefy.com\\\/pl\\\/raport-wydajnosci-srodowiskowej-2024-zaangazowanie-w-zrownowazony-rozwoj\\\/#primaryimage\"},\"image\":{\"@id\":\"https:\\\/\\\/imefy.com\\\/pl\\\/raport-wydajnosci-srodowiskowej-2024-zaangazowanie-w-zrownowazony-rozwoj\\\/#primaryimage\"},\"thumbnailUrl\":\"https:\\\/\\\/imefy.com\\\/wp-content\\\/uploads\\\/2025\\\/02\\\/desempeno-ambiental-imefy.jpg\",\"datePublished\":\"2025-02-07T07:44:30+00:00\",\"dateModified\":\"2025-02-07T09:30:01+00:00\",\"author\":{\"@id\":\"\\\/#\\\/schema\\\/person\\\/499fc19124d91e01b34e4037e8253198\"},\"description\":\"IMEFY przeprowadzi\u0142o proces oceny swojej wydajno\u015bci \u015brodowiskowej, koncentruj\u0105c si\u0119 na r\u00f3\u017cnych kluczowych obszarach zarz\u0105dzania \u015brodowiskowego.\",\"breadcrumb\":{\"@id\":\"https:\\\/\\\/imefy.com\\\/pl\\\/raport-wydajnosci-srodowiskowej-2024-zaangazowanie-w-zrownowazony-rozwoj\\\/#breadcrumb\"},\"inLanguage\":\"pl-PL\",\"potentialAction\":[{\"@type\":\"ReadAction\",\"target\":[\"https:\\\/\\\/imefy.com\\\/pl\\\/raport-wydajnosci-srodowiskowej-2024-zaangazowanie-w-zrownowazony-rozwoj\\\/\"]}]},{\"@type\":\"ImageObject\",\"inLanguage\":\"pl-PL\",\"@id\":\"https:\\\/\\\/imefy.com\\\/pl\\\/raport-wydajnosci-srodowiskowej-2024-zaangazowanie-w-zrownowazony-rozwoj\\\/#primaryimage\",\"url\":\"https:\\\/\\\/imefy.com\\\/wp-content\\\/uploads\\\/2025\\\/02\\\/desempeno-ambiental-imefy.jpg\",\"contentUrl\":\"https:\\\/\\\/imefy.com\\\/wp-content\\\/uploads\\\/2025\\\/02\\\/desempeno-ambiental-imefy.jpg\",\"width\":1200,\"height\":630,\"caption\":\"Comunicado de desempe\u00f1o ambiental\"},{\"@type\":\"BreadcrumbList\",\"@id\":\"https:\\\/\\\/imefy.com\\\/pl\\\/raport-wydajnosci-srodowiskowej-2024-zaangazowanie-w-zrownowazony-rozwoj\\\/#breadcrumb\",\"itemListElement\":[{\"@type\":\"ListItem\",\"position\":1,\"name\":\"Portada\",\"item\":\"https:\\\/\\\/imefy.com\\\/pl\\\/\"},{\"@type\":\"ListItem\",\"position\":2,\"name\":\"Raport Wydajno\u015bci \u015arodowiskowej 2024, Zaanga\u017cowanie w Zr\u00f3wnowa\u017cony Rozw\u00f3j\"}]},{\"@type\":\"WebSite\",\"@id\":\"\\\/#website\",\"url\":\"\\\/\",\"name\":\"IMEFY\",\"description\":\"Fabricaci\u00f3n de transformadores de distribuci\u00f3n y potencia\",\"potentialAction\":[{\"@type\":\"SearchAction\",\"target\":{\"@type\":\"EntryPoint\",\"urlTemplate\":\"\\\/?s={search_term_string}\"},\"query-input\":{\"@type\":\"PropertyValueSpecification\",\"valueRequired\":true,\"valueName\":\"search_term_string\"}}],\"inLanguage\":\"pl-PL\"},{\"@type\":\"Person\",\"@id\":\"\\\/#\\\/schema\\\/person\\\/499fc19124d91e01b34e4037e8253198\",\"name\":\"jdiaz\"}]}<\/script>\n<!-- \/ Yoast SEO Premium plugin. -->","yoast_head_json":{"title":"Raport Wydajno\u015bci \u015arodowiskowej 2024 - IMEFY","description":"IMEFY przeprowadzi\u0142o proces oceny swojej wydajno\u015bci \u015brodowiskowej, koncentruj\u0105c si\u0119 na r\u00f3\u017cnych kluczowych obszarach zarz\u0105dzania \u015brodowiskowego.","robots":{"index":"index","follow":"follow","max-snippet":"max-snippet:-1","max-image-preview":"max-image-preview:large","max-video-preview":"max-video-preview:-1"},"canonical":"https:\/\/imefy.com\/pl\/raport-wydajnosci-srodowiskowej-2024-zaangazowanie-w-zrownowazony-rozwoj\/","og_locale":"pl_PL","og_type":"article","og_title":"Raport Wydajno\u015bci \u015arodowiskowej 2024, Zaanga\u017cowanie w Zr\u00f3wnowa\u017cony Rozw\u00f3j","og_description":"IMEFY przeprowadzi\u0142o proces oceny swojej wydajno\u015bci \u015brodowiskowej, koncentruj\u0105c si\u0119 na r\u00f3\u017cnych kluczowych obszarach zarz\u0105dzania \u015brodowiskowego.","og_url":"https:\/\/imefy.com\/pl\/raport-wydajnosci-srodowiskowej-2024-zaangazowanie-w-zrownowazony-rozwoj\/","og_site_name":"IMEFY","article_publisher":"https:\/\/www.facebook.com\/pages\/Imefy-Group\/852590684780185","article_published_time":"2025-02-07T07:44:30+00:00","article_modified_time":"2025-02-07T09:30:01+00:00","og_image":[{"width":1200,"height":630,"url":"https:\/\/imefy.com\/wp-content\/uploads\/2025\/02\/desempeno-ambiental-imefy.jpg","type":"image\/jpeg"}],"author":"jdiaz","twitter_card":"summary_large_image","twitter_description":"IMEFY przeprowadzi\u0142o proces oceny swojej wydajno\u015bci \u015brodowiskowej, koncentruj\u0105c si\u0119 na r\u00f3\u017cnych kluczowych obszarach zarz\u0105dzania \u015brodowiskowego.","twitter_creator":"@imefygroup","twitter_site":"@imefygroup","twitter_misc":{"Napisane przez":"jdiaz","Szacowany czas czytania":"3 minuty"},"schema":{"@context":"https:\/\/schema.org","@graph":[{"@type":"Article","@id":"https:\/\/imefy.com\/pl\/raport-wydajnosci-srodowiskowej-2024-zaangazowanie-w-zrownowazony-rozwoj\/#article","isPartOf":{"@id":"https:\/\/imefy.com\/pl\/raport-wydajnosci-srodowiskowej-2024-zaangazowanie-w-zrownowazony-rozwoj\/"},"author":{"name":"jdiaz","@id":"\/#\/schema\/person\/499fc19124d91e01b34e4037e8253198"},"headline":"Raport Wydajno\u015bci \u015arodowiskowej 2024, Zaanga\u017cowanie w Zr\u00f3wnowa\u017cony Rozw\u00f3j","datePublished":"2025-02-07T07:44:30+00:00","dateModified":"2025-02-07T09:30:01+00:00","mainEntityOfPage":{"@id":"https:\/\/imefy.com\/pl\/raport-wydajnosci-srodowiskowej-2024-zaangazowanie-w-zrownowazony-rozwoj\/"},"wordCount":465,"image":{"@id":"https:\/\/imefy.com\/pl\/raport-wydajnosci-srodowiskowej-2024-zaangazowanie-w-zrownowazony-rozwoj\/#primaryimage"},"thumbnailUrl":"https:\/\/imefy.com\/wp-content\/uploads\/2025\/02\/desempeno-ambiental-imefy.jpg","articleSection":["2024"],"inLanguage":"pl-PL"},{"@type":"WebPage","@id":"https:\/\/imefy.com\/pl\/raport-wydajnosci-srodowiskowej-2024-zaangazowanie-w-zrownowazony-rozwoj\/","url":"https:\/\/imefy.com\/pl\/raport-wydajnosci-srodowiskowej-2024-zaangazowanie-w-zrownowazony-rozwoj\/","name":"Raport Wydajno\u015bci \u015arodowiskowej 2024 - IMEFY","isPartOf":{"@id":"\/#website"},"primaryImageOfPage":{"@id":"https:\/\/imefy.com\/pl\/raport-wydajnosci-srodowiskowej-2024-zaangazowanie-w-zrownowazony-rozwoj\/#primaryimage"},"image":{"@id":"https:\/\/imefy.com\/pl\/raport-wydajnosci-srodowiskowej-2024-zaangazowanie-w-zrownowazony-rozwoj\/#primaryimage"},"thumbnailUrl":"https:\/\/imefy.com\/wp-content\/uploads\/2025\/02\/desempeno-ambiental-imefy.jpg","datePublished":"2025-02-07T07:44:30+00:00","dateModified":"2025-02-07T09:30:01+00:00","author":{"@id":"\/#\/schema\/person\/499fc19124d91e01b34e4037e8253198"},"description":"IMEFY przeprowadzi\u0142o proces oceny swojej wydajno\u015bci \u015brodowiskowej, koncentruj\u0105c si\u0119 na r\u00f3\u017cnych kluczowych obszarach zarz\u0105dzania \u015brodowiskowego.","breadcrumb":{"@id":"https:\/\/imefy.com\/pl\/raport-wydajnosci-srodowiskowej-2024-zaangazowanie-w-zrownowazony-rozwoj\/#breadcrumb"},"inLanguage":"pl-PL","potentialAction":[{"@type":"ReadAction","target":["https:\/\/imefy.com\/pl\/raport-wydajnosci-srodowiskowej-2024-zaangazowanie-w-zrownowazony-rozwoj\/"]}]},{"@type":"ImageObject","inLanguage":"pl-PL","@id":"https:\/\/imefy.com\/pl\/raport-wydajnosci-srodowiskowej-2024-zaangazowanie-w-zrownowazony-rozwoj\/#primaryimage","url":"https:\/\/imefy.com\/wp-content\/uploads\/2025\/02\/desempeno-ambiental-imefy.jpg","contentUrl":"https:\/\/imefy.com\/wp-content\/uploads\/2025\/02\/desempeno-ambiental-imefy.jpg","width":1200,"height":630,"caption":"Comunicado de desempe\u00f1o ambiental"},{"@type":"BreadcrumbList","@id":"https:\/\/imefy.com\/pl\/raport-wydajnosci-srodowiskowej-2024-zaangazowanie-w-zrownowazony-rozwoj\/#breadcrumb","itemListElement":[{"@type":"ListItem","position":1,"name":"Portada","item":"https:\/\/imefy.com\/pl\/"},{"@type":"ListItem","position":2,"name":"Raport Wydajno\u015bci \u015arodowiskowej 2024, Zaanga\u017cowanie w Zr\u00f3wnowa\u017cony Rozw\u00f3j"}]},{"@type":"WebSite","@id":"\/#website","url":"\/","name":"IMEFY","description":"Fabricaci\u00f3n de transformadores de distribuci\u00f3n y potencia","potentialAction":[{"@type":"SearchAction","target":{"@type":"EntryPoint","urlTemplate":"\/?s={search_term_string}"},"query-input":{"@type":"PropertyValueSpecification","valueRequired":true,"valueName":"search_term_string"}}],"inLanguage":"pl-PL"},{"@type":"Person","@id":"\/#\/schema\/person\/499fc19124d91e01b34e4037e8253198","name":"jdiaz"}]}},"_links":{"self":[{"href":"https:\/\/imefy.com\/pl\/wp-json\/wp\/v2\/posts\/30863","targetHints":{"allow":["GET"]}}],"collection":[{"href":"https:\/\/imefy.com\/pl\/wp-json\/wp\/v2\/posts"}],"about":[{"href":"https:\/\/imefy.com\/pl\/wp-json\/wp\/v2\/types\/post"}],"author":[{"embeddable":true,"href":"https:\/\/imefy.com\/pl\/wp-json\/wp\/v2\/users\/10"}],"replies":[{"embeddable":true,"href":"https:\/\/imefy.com\/pl\/wp-json\/wp\/v2\/comments?post=30863"}],"version-history":[{"count":0,"href":"https:\/\/imefy.com\/pl\/wp-json\/wp\/v2\/posts\/30863\/revisions"}],"wp:featuredmedia":[{"embeddable":true,"href":"https:\/\/imefy.com\/pl\/wp-json\/wp\/v2\/media\/30858"}],"wp:attachment":[{"href":"https:\/\/imefy.com\/pl\/wp-json\/wp\/v2\/media?parent=30863"}],"wp:term":[{"taxonomy":"category","embeddable":true,"href":"https:\/\/imefy.com\/pl\/wp-json\/wp\/v2\/categories?post=30863"},{"taxonomy":"post_tag","embeddable":true,"href":"https:\/\/imefy.com\/pl\/wp-json\/wp\/v2\/tags?post=30863"}],"curies":[{"name":"wp","href":"https:\/\/api.w.org\/{rel}","templated":true}]}}