{"id":31286,"date":"2025-04-11T15:17:42","date_gmt":"2025-04-11T13:17:42","guid":{"rendered":"https:\/\/imefy.com\/imefy-ha-estado-presente-en-la-feria-middle-east-electricity-de-dubai\/"},"modified":"2025-04-24T15:48:11","modified_gmt":"2025-04-24T13:48:11","slug":"imefy-byl-obecny-na-targach-elektrycznosci-na-bliskim-wschodzie-w-dubaju","status":"publish","type":"post","link":"https:\/\/imefy.com\/pl\/imefy-byl-obecny-na-targach-elektrycznosci-na-bliskim-wschodzie-w-dubaju\/","title":{"rendered":"IMEFY obecne na targach Middle East Electricity w Dubaju"},"content":{"rendered":"<div class=\"fusion-fullwidth fullwidth-box fusion-builder-row-1 fusion-flex-container has-pattern-background has-mask-background nonhundred-percent-fullwidth non-hundred-percent-height-scrolling\" style=\"--awb-border-radius-top-left:0px;--awb-border-radius-top-right:0px;--awb-border-radius-bottom-right:0px;--awb-border-radius-bottom-left:0px;--awb-flex-wrap:wrap;\" ><div class=\"fusion-builder-row fusion-row fusion-flex-align-items-flex-start fusion-flex-content-wrap\" style=\"max-width:1216.8px;margin-left: calc(-4% \/ 2 );margin-right: calc(-4% \/ 2 );\"><div class=\"fusion-layout-column fusion_builder_column fusion-builder-column-0 fusion_builder_column_1_1 1_1 fusion-flex-column\" style=\"--awb-bg-size:cover;--awb-width-large:100%;--awb-margin-top-large:0px;--awb-spacing-right-large:1.92%;--awb-margin-bottom-large:30px;--awb-spacing-left-large:1.92%;--awb-width-medium:100%;--awb-order-medium:0;--awb-spacing-right-medium:1.92%;--awb-spacing-left-medium:1.92%;--awb-width-small:100%;--awb-order-small:0;--awb-spacing-right-small:1.92%;--awb-spacing-left-small:1.92%;\"><div class=\"fusion-column-wrapper fusion-column-has-shadow fusion-flex-justify-content-flex-start fusion-content-layout-column\"><div class=\"fusion-text fusion-text-1\"><p class=\"\" data-start=\"191\" data-end=\"560\">Imefy SL by\u0142o obecne na presti\u017cowych targach Middle East Electricity w Dubaju, umacniaj\u0105c tym samym swoj\u0105 pozycj\u0119 na jednym z najwa\u017cniejszych wydarze\u0144 bran\u017cy energetycznej na \u015bwiecie. Firma zaprezentowa\u0142a swoj\u0105 gam\u0119 innowacyjnych rozwi\u0105za\u0144 w zakresie transformacji energii elektrycznej, podkre\u015blaj\u0105c swoje zaanga\u017cowanie w efektywno\u015b\u0107 energetyczn\u0105 i zr\u00f3wnowa\u017cony rozw\u00f3j.<\/p>\n<h3 class=\"\" data-start=\"562\" data-end=\"610\">Powr\u00f3t targ\u00f3w po odwo\u0142aniu w poprzednim roku<\/h3>\n<p class=\"\" data-start=\"612\" data-end=\"870\">Wydarzenie, kt\u00f3re nie odby\u0142o si\u0119 w ubieg\u0142ym roku z powodu powa\u017cnych powodzi w regionie, powr\u00f3ci\u0142o z du\u017cym rozmachem. Tegoroczna edycja przyci\u0105gn\u0119\u0142a wielu wystawc\u00f3w i odwiedzaj\u0105cych zainteresowanych najnowszymi trendami i innowacjami w sektorze energetycznym.<\/p>\n<h3 class=\"\" data-start=\"872\" data-end=\"921\"><\/h3>\n<\/div><div class=\"awb-gallery-wrapper awb-gallery-wrapper-1 button-span-no\" style=\"--more-btn-alignment:center;\"><div style=\"margin:-5px;--awb-bordersize:0px;\" class=\"fusion-gallery fusion-gallery-container fusion-grid-3 fusion-columns-total-3 fusion-gallery-layout-grid fusion-gallery-1\"><div style=\"padding:5px;\" class=\"fusion-grid-column fusion-gallery-column fusion-gallery-column-3 hover-type-none\"><div class=\"fusion-gallery-image\"><a href=\"https:\/\/imefy.com\/wp-content\/uploads\/2025\/04\/Middle-East-Electricity-Dubai-2.jpg\" rel=\"noreferrer\" data-rel=\"iLightbox[gallery_image_1]\" class=\"fusion-lightbox\" target=\"_self\"><img loading=\"lazy\" decoding=\"async\" src=\"https:\/\/imefy.com\/wp-content\/uploads\/2025\/04\/Middle-East-Electricity-Dubai-2.jpg\" width=\"1200\" height=\"630\" alt=\"Imefy ha estado presente en la Middle East Electricity de Dub\u00e1i, presentando sus innovadores transformadores el\u00e9ctricos.\" title=\"Middle-East-Electricity-Duba\u0301i-2\" aria-label=\"Middle-East-Electricity-Duba\u0301i-2\" class=\"img-responsive wp-image-31274\" srcset=\"https:\/\/imefy.com\/wp-content\/uploads\/2025\/04\/Middle-East-Electricity-Dubai-2-400x210.jpg 400w, https:\/\/imefy.com\/wp-content\/uploads\/2025\/04\/Middle-East-Electricity-Dubai-2-600x315.jpg 600w, https:\/\/imefy.com\/wp-content\/uploads\/2025\/04\/Middle-East-Electricity-Dubai-2-800x420.jpg 800w, https:\/\/imefy.com\/wp-content\/uploads\/2025\/04\/Middle-East-Electricity-Dubai-2.jpg 1200w\" sizes=\"auto, (min-width: 2200px) 100vw, (min-width: 824px) 387px, (min-width: 732px) 580px, (min-width: 640px) 732px, \" \/><\/a><\/div><\/div><div style=\"padding:5px;\" class=\"fusion-grid-column fusion-gallery-column fusion-gallery-column-3 hover-type-none\"><div class=\"fusion-gallery-image\"><a href=\"https:\/\/imefy.com\/wp-content\/uploads\/2025\/04\/Middle-East-Electricity-Dubai-1.jpg\" rel=\"noreferrer\" data-rel=\"iLightbox[gallery_image_1]\" class=\"fusion-lightbox\" target=\"_self\"><img loading=\"lazy\" decoding=\"async\" src=\"https:\/\/imefy.com\/wp-content\/uploads\/2025\/04\/Middle-East-Electricity-Dubai-1.jpg\" width=\"1200\" height=\"630\" alt=\"Imefy ha estado presente en la Middle East Electricity de Dub\u00e1i, presentando sus innovadores transformadores el\u00e9ctricos.\" title=\"Middle-East-Electricity-Duba\u0301i-1\" aria-label=\"Middle-East-Electricity-Duba\u0301i-1\" class=\"img-responsive wp-image-31269\" srcset=\"https:\/\/imefy.com\/wp-content\/uploads\/2025\/04\/Middle-East-Electricity-Dubai-1-400x210.jpg 400w, https:\/\/imefy.com\/wp-content\/uploads\/2025\/04\/Middle-East-Electricity-Dubai-1-600x315.jpg 600w, https:\/\/imefy.com\/wp-content\/uploads\/2025\/04\/Middle-East-Electricity-Dubai-1-800x420.jpg 800w, https:\/\/imefy.com\/wp-content\/uploads\/2025\/04\/Middle-East-Electricity-Dubai-1.jpg 1200w\" sizes=\"auto, (min-width: 2200px) 100vw, (min-width: 824px) 387px, (min-width: 732px) 580px, (min-width: 640px) 732px, \" \/><\/a><\/div><\/div><div style=\"padding:5px;\" class=\"fusion-grid-column fusion-gallery-column fusion-gallery-column-3 hover-type-none\"><div class=\"fusion-gallery-image\"><a href=\"https:\/\/imefy.com\/wp-content\/uploads\/2025\/04\/Middle-East-Electricity-Dubai-3.jpg\" rel=\"noreferrer\" data-rel=\"iLightbox[gallery_image_1]\" class=\"fusion-lightbox\" target=\"_self\"><img loading=\"lazy\" decoding=\"async\" src=\"https:\/\/imefy.com\/wp-content\/uploads\/2025\/04\/Middle-East-Electricity-Dubai-3.jpg\" width=\"1200\" height=\"630\" alt=\"\" title=\"Middle-East-Electricity-Dubai-3\" aria-label=\"Middle-East-Electricity-Dubai-3\" class=\"img-responsive wp-image-31279\" srcset=\"https:\/\/imefy.com\/wp-content\/uploads\/2025\/04\/Middle-East-Electricity-Dubai-3-400x210.jpg 400w, https:\/\/imefy.com\/wp-content\/uploads\/2025\/04\/Middle-East-Electricity-Dubai-3-600x315.jpg 600w, https:\/\/imefy.com\/wp-content\/uploads\/2025\/04\/Middle-East-Electricity-Dubai-3-800x420.jpg 800w, https:\/\/imefy.com\/wp-content\/uploads\/2025\/04\/Middle-East-Electricity-Dubai-3.jpg 1200w\" sizes=\"auto, (min-width: 2200px) 100vw, (min-width: 824px) 387px, (min-width: 732px) 580px, (min-width: 640px) 732px, \" \/><\/a><\/div><\/div><div class=\"clearfix\"><\/div><\/div><\/div><div class=\"fusion-text fusion-text-2\"><h3 class=\"\" data-start=\"872\" data-end=\"921\">Imefy prezentuje najnowsze innowacje w Dubaju<\/h3>\n<p class=\"\" data-start=\"923\" data-end=\"1270\">Podczas targ\u00f3w Imefy zaprezentowa\u0142o swoje najnowsze rozwi\u0105zania w zakresie transformator\u00f3w elektrycznych, zaprojektowane z my\u015bl\u0105 o rosn\u0105cych wymaganiach dynamicznie rozwijaj\u0105cego si\u0119 rynku. Zesp\u00f3\u0142 Imefy wykorzysta\u0142 okazj\u0119, aby wzmocni\u0107 relacje z klientami, nawi\u0105za\u0107 nowe partnerstwa handlowe oraz umocni\u0107 swoj\u0105 obecno\u015b\u0107 na rynku Bliskiego Wschodu.<\/p>\n<h3 class=\"\" data-start=\"1272\" data-end=\"1344\">Middle East Electricity: globalna platforma dla bran\u017cy energetycznej<\/h3>\n<p class=\"\" data-start=\"1346\" data-end=\"1665\">Targi Middle East Electricity w Dubaju to strategiczna platforma dla bran\u017cy, kt\u00f3ra gromadzi wiod\u0105ce firmy, ekspert\u00f3w i profesjonalist\u00f3w z ca\u0142ego \u015bwiata. Udzia\u0142 Imefy w tym wydarzeniu wzmacnia jej strategi\u0119 ekspansji mi\u0119dzynarodowej oraz zdecydowane zaanga\u017cowanie w innowacyjno\u015b\u0107, jako\u015b\u0107 i doskona\u0142o\u015b\u0107 produkt\u00f3w i us\u0142ug.<\/p>\n<h3 class=\"\" data-start=\"1667\" data-end=\"1726\">Zaanga\u017cowanie Imefy w technologi\u0119 i internacjonalizacj\u0119<\/h3>\n<p class=\"\" data-start=\"1728\" data-end=\"1946\">Dzi\u0119ki tej obecno\u015bci Imefy kontynuuje wzmacnianie swojej pozycji na rynkach mi\u0119dzynarodowych, stawiaj\u0105c na zaawansowan\u0105 technologi\u0119 i zr\u00f3wnowa\u017cone rozwi\u0105zania energetyczne w dziedzinie dystrybucji energii elektrycznej.<\/p>\n<\/div><\/div><\/div><\/div><\/div>\n","protected":false},"excerpt":{"rendered":"","protected":false},"author":10,"featured_media":31264,"comment_status":"closed","ping_status":"closed","sticky":false,"template":"","format":"standard","meta":{"footnotes":""},"categories":[487],"tags":[],"class_list":["post-31286","post","type-post","status-publish","format-standard","has-post-thumbnail","hentry","category-2025-pl"],"yoast_head":"<!-- This site is optimized with the Yoast SEO Premium plugin v27.4 (Yoast SEO v27.5) - https:\/\/yoast.com\/product\/yoast-seo-premium-wordpress\/ -->\n<title>IMEFY obecne na targach Middle East Electricity w Dubaju - IMEFY<\/title>\n<meta name=\"description\" content=\"Imefy by\u0142a obecna na targach Middle East Electricity w Dubaju, prezentuj\u0105c swoje innowacyjne transformatory elektryczne.\" \/>\n<meta name=\"robots\" content=\"index, follow, max-snippet:-1, max-image-preview:large, max-video-preview:-1\" \/>\n<link rel=\"canonical\" href=\"https:\/\/imefy.com\/pl\/imefy-byl-obecny-na-targach-elektrycznosci-na-bliskim-wschodzie-w-dubaju\/\" \/>\n<meta property=\"og:locale\" content=\"pl_PL\" \/>\n<meta property=\"og:type\" content=\"article\" \/>\n<meta property=\"og:title\" content=\"IMEFY obecne na targach Middle East Electricity w Dubaju\" \/>\n<meta property=\"og:description\" content=\"Imefy by\u0142a obecna na targach Middle East Electricity w Dubaju, prezentuj\u0105c swoje innowacyjne transformatory elektryczne.\" \/>\n<meta property=\"og:url\" content=\"https:\/\/imefy.com\/pl\/imefy-byl-obecny-na-targach-elektrycznosci-na-bliskim-wschodzie-w-dubaju\/\" \/>\n<meta property=\"og:site_name\" content=\"IMEFY\" \/>\n<meta property=\"article:publisher\" content=\"https:\/\/www.facebook.com\/pages\/Imefy-Group\/852590684780185\" \/>\n<meta property=\"article:published_time\" content=\"2025-04-11T13:17:42+00:00\" \/>\n<meta property=\"article:modified_time\" content=\"2025-04-24T13:48:11+00:00\" \/>\n<meta property=\"og:image\" content=\"https:\/\/imefy.com\/wp-content\/uploads\/2025\/04\/Middle-East-Electricity-Dubai.jpg\" \/>\n\t<meta property=\"og:image:width\" content=\"1200\" \/>\n\t<meta property=\"og:image:height\" content=\"630\" \/>\n\t<meta property=\"og:image:type\" content=\"image\/jpeg\" \/>\n<meta name=\"author\" content=\"jdiaz\" \/>\n<meta name=\"twitter:card\" content=\"summary_large_image\" \/>\n<meta name=\"twitter:description\" content=\"Imefy by\u0142a obecna na targach Middle East Electricity w Dubaju, prezentuj\u0105c swoje innowacyjne transformatory elektryczne.\" \/>\n<meta name=\"twitter:creator\" content=\"@imefygroup\" \/>\n<meta name=\"twitter:site\" content=\"@imefygroup\" \/>\n<meta name=\"twitter:label1\" content=\"Napisane przez\" \/>\n\t<meta name=\"twitter:data1\" content=\"jdiaz\" \/>\n\t<meta name=\"twitter:label2\" content=\"Szacowany czas czytania\" \/>\n\t<meta name=\"twitter:data2\" content=\"3 minuty\" \/>\n<script type=\"application\/ld+json\" class=\"yoast-schema-graph\">{\"@context\":\"https:\\\/\\\/schema.org\",\"@graph\":[{\"@type\":\"Article\",\"@id\":\"https:\\\/\\\/imefy.com\\\/pl\\\/imefy-byl-obecny-na-targach-elektrycznosci-na-bliskim-wschodzie-w-dubaju\\\/#article\",\"isPartOf\":{\"@id\":\"https:\\\/\\\/imefy.com\\\/pl\\\/imefy-byl-obecny-na-targach-elektrycznosci-na-bliskim-wschodzie-w-dubaju\\\/\"},\"author\":{\"name\":\"jdiaz\",\"@id\":\"\\\/#\\\/schema\\\/person\\\/499fc19124d91e01b34e4037e8253198\"},\"headline\":\"IMEFY obecne na targach Middle East Electricity w Dubaju\",\"datePublished\":\"2025-04-11T13:17:42+00:00\",\"dateModified\":\"2025-04-24T13:48:11+00:00\",\"mainEntityOfPage\":{\"@id\":\"https:\\\/\\\/imefy.com\\\/pl\\\/imefy-byl-obecny-na-targach-elektrycznosci-na-bliskim-wschodzie-w-dubaju\\\/\"},\"wordCount\":1690,\"image\":{\"@id\":\"https:\\\/\\\/imefy.com\\\/pl\\\/imefy-byl-obecny-na-targach-elektrycznosci-na-bliskim-wschodzie-w-dubaju\\\/#primaryimage\"},\"thumbnailUrl\":\"https:\\\/\\\/imefy.com\\\/wp-content\\\/uploads\\\/2025\\\/04\\\/Middle-East-Electricity-Dubai.jpg\",\"articleSection\":[\"2025\"],\"inLanguage\":\"pl-PL\"},{\"@type\":\"WebPage\",\"@id\":\"https:\\\/\\\/imefy.com\\\/pl\\\/imefy-byl-obecny-na-targach-elektrycznosci-na-bliskim-wschodzie-w-dubaju\\\/\",\"url\":\"https:\\\/\\\/imefy.com\\\/pl\\\/imefy-byl-obecny-na-targach-elektrycznosci-na-bliskim-wschodzie-w-dubaju\\\/\",\"name\":\"IMEFY obecne na targach Middle East Electricity w Dubaju - IMEFY\",\"isPartOf\":{\"@id\":\"\\\/#website\"},\"primaryImageOfPage\":{\"@id\":\"https:\\\/\\\/imefy.com\\\/pl\\\/imefy-byl-obecny-na-targach-elektrycznosci-na-bliskim-wschodzie-w-dubaju\\\/#primaryimage\"},\"image\":{\"@id\":\"https:\\\/\\\/imefy.com\\\/pl\\\/imefy-byl-obecny-na-targach-elektrycznosci-na-bliskim-wschodzie-w-dubaju\\\/#primaryimage\"},\"thumbnailUrl\":\"https:\\\/\\\/imefy.com\\\/wp-content\\\/uploads\\\/2025\\\/04\\\/Middle-East-Electricity-Dubai.jpg\",\"datePublished\":\"2025-04-11T13:17:42+00:00\",\"dateModified\":\"2025-04-24T13:48:11+00:00\",\"author\":{\"@id\":\"\\\/#\\\/schema\\\/person\\\/499fc19124d91e01b34e4037e8253198\"},\"description\":\"Imefy by\u0142a obecna na targach Middle East Electricity w Dubaju, prezentuj\u0105c swoje innowacyjne transformatory elektryczne.\",\"breadcrumb\":{\"@id\":\"https:\\\/\\\/imefy.com\\\/pl\\\/imefy-byl-obecny-na-targach-elektrycznosci-na-bliskim-wschodzie-w-dubaju\\\/#breadcrumb\"},\"inLanguage\":\"pl-PL\",\"potentialAction\":[{\"@type\":\"ReadAction\",\"target\":[\"https:\\\/\\\/imefy.com\\\/pl\\\/imefy-byl-obecny-na-targach-elektrycznosci-na-bliskim-wschodzie-w-dubaju\\\/\"]}]},{\"@type\":\"ImageObject\",\"inLanguage\":\"pl-PL\",\"@id\":\"https:\\\/\\\/imefy.com\\\/pl\\\/imefy-byl-obecny-na-targach-elektrycznosci-na-bliskim-wschodzie-w-dubaju\\\/#primaryimage\",\"url\":\"https:\\\/\\\/imefy.com\\\/wp-content\\\/uploads\\\/2025\\\/04\\\/Middle-East-Electricity-Dubai.jpg\",\"contentUrl\":\"https:\\\/\\\/imefy.com\\\/wp-content\\\/uploads\\\/2025\\\/04\\\/Middle-East-Electricity-Dubai.jpg\",\"width\":1200,\"height\":630,\"caption\":\"IMEFY participa en el Middle East Electricity de Dub\u00e1i\"},{\"@type\":\"BreadcrumbList\",\"@id\":\"https:\\\/\\\/imefy.com\\\/pl\\\/imefy-byl-obecny-na-targach-elektrycznosci-na-bliskim-wschodzie-w-dubaju\\\/#breadcrumb\",\"itemListElement\":[{\"@type\":\"ListItem\",\"position\":1,\"name\":\"Portada\",\"item\":\"https:\\\/\\\/imefy.com\\\/pl\\\/\"},{\"@type\":\"ListItem\",\"position\":2,\"name\":\"IMEFY obecne na targach Middle East Electricity w Dubaju\"}]},{\"@type\":\"WebSite\",\"@id\":\"\\\/#website\",\"url\":\"\\\/\",\"name\":\"IMEFY\",\"description\":\"Fabricaci\u00f3n de transformadores de distribuci\u00f3n y potencia\",\"potentialAction\":[{\"@type\":\"SearchAction\",\"target\":{\"@type\":\"EntryPoint\",\"urlTemplate\":\"\\\/?s={search_term_string}\"},\"query-input\":{\"@type\":\"PropertyValueSpecification\",\"valueRequired\":true,\"valueName\":\"search_term_string\"}}],\"inLanguage\":\"pl-PL\"},{\"@type\":\"Person\",\"@id\":\"\\\/#\\\/schema\\\/person\\\/499fc19124d91e01b34e4037e8253198\",\"name\":\"jdiaz\"}]}<\/script>\n<!-- \/ Yoast SEO Premium plugin. -->","yoast_head_json":{"title":"IMEFY obecne na targach Middle East Electricity w Dubaju - IMEFY","description":"Imefy by\u0142a obecna na targach Middle East Electricity w Dubaju, prezentuj\u0105c swoje innowacyjne transformatory elektryczne.","robots":{"index":"index","follow":"follow","max-snippet":"max-snippet:-1","max-image-preview":"max-image-preview:large","max-video-preview":"max-video-preview:-1"},"canonical":"https:\/\/imefy.com\/pl\/imefy-byl-obecny-na-targach-elektrycznosci-na-bliskim-wschodzie-w-dubaju\/","og_locale":"pl_PL","og_type":"article","og_title":"IMEFY obecne na targach Middle East Electricity w Dubaju","og_description":"Imefy by\u0142a obecna na targach Middle East Electricity w Dubaju, prezentuj\u0105c swoje innowacyjne transformatory elektryczne.","og_url":"https:\/\/imefy.com\/pl\/imefy-byl-obecny-na-targach-elektrycznosci-na-bliskim-wschodzie-w-dubaju\/","og_site_name":"IMEFY","article_publisher":"https:\/\/www.facebook.com\/pages\/Imefy-Group\/852590684780185","article_published_time":"2025-04-11T13:17:42+00:00","article_modified_time":"2025-04-24T13:48:11+00:00","og_image":[{"width":1200,"height":630,"url":"https:\/\/imefy.com\/wp-content\/uploads\/2025\/04\/Middle-East-Electricity-Dubai.jpg","type":"image\/jpeg"}],"author":"jdiaz","twitter_card":"summary_large_image","twitter_description":"Imefy by\u0142a obecna na targach Middle East Electricity w Dubaju, prezentuj\u0105c swoje innowacyjne transformatory elektryczne.","twitter_creator":"@imefygroup","twitter_site":"@imefygroup","twitter_misc":{"Napisane przez":"jdiaz","Szacowany czas czytania":"3 minuty"},"schema":{"@context":"https:\/\/schema.org","@graph":[{"@type":"Article","@id":"https:\/\/imefy.com\/pl\/imefy-byl-obecny-na-targach-elektrycznosci-na-bliskim-wschodzie-w-dubaju\/#article","isPartOf":{"@id":"https:\/\/imefy.com\/pl\/imefy-byl-obecny-na-targach-elektrycznosci-na-bliskim-wschodzie-w-dubaju\/"},"author":{"name":"jdiaz","@id":"\/#\/schema\/person\/499fc19124d91e01b34e4037e8253198"},"headline":"IMEFY obecne na targach Middle East Electricity w Dubaju","datePublished":"2025-04-11T13:17:42+00:00","dateModified":"2025-04-24T13:48:11+00:00","mainEntityOfPage":{"@id":"https:\/\/imefy.com\/pl\/imefy-byl-obecny-na-targach-elektrycznosci-na-bliskim-wschodzie-w-dubaju\/"},"wordCount":1690,"image":{"@id":"https:\/\/imefy.com\/pl\/imefy-byl-obecny-na-targach-elektrycznosci-na-bliskim-wschodzie-w-dubaju\/#primaryimage"},"thumbnailUrl":"https:\/\/imefy.com\/wp-content\/uploads\/2025\/04\/Middle-East-Electricity-Dubai.jpg","articleSection":["2025"],"inLanguage":"pl-PL"},{"@type":"WebPage","@id":"https:\/\/imefy.com\/pl\/imefy-byl-obecny-na-targach-elektrycznosci-na-bliskim-wschodzie-w-dubaju\/","url":"https:\/\/imefy.com\/pl\/imefy-byl-obecny-na-targach-elektrycznosci-na-bliskim-wschodzie-w-dubaju\/","name":"IMEFY obecne na targach Middle East Electricity w Dubaju - IMEFY","isPartOf":{"@id":"\/#website"},"primaryImageOfPage":{"@id":"https:\/\/imefy.com\/pl\/imefy-byl-obecny-na-targach-elektrycznosci-na-bliskim-wschodzie-w-dubaju\/#primaryimage"},"image":{"@id":"https:\/\/imefy.com\/pl\/imefy-byl-obecny-na-targach-elektrycznosci-na-bliskim-wschodzie-w-dubaju\/#primaryimage"},"thumbnailUrl":"https:\/\/imefy.com\/wp-content\/uploads\/2025\/04\/Middle-East-Electricity-Dubai.jpg","datePublished":"2025-04-11T13:17:42+00:00","dateModified":"2025-04-24T13:48:11+00:00","author":{"@id":"\/#\/schema\/person\/499fc19124d91e01b34e4037e8253198"},"description":"Imefy by\u0142a obecna na targach Middle East Electricity w Dubaju, prezentuj\u0105c swoje innowacyjne transformatory elektryczne.","breadcrumb":{"@id":"https:\/\/imefy.com\/pl\/imefy-byl-obecny-na-targach-elektrycznosci-na-bliskim-wschodzie-w-dubaju\/#breadcrumb"},"inLanguage":"pl-PL","potentialAction":[{"@type":"ReadAction","target":["https:\/\/imefy.com\/pl\/imefy-byl-obecny-na-targach-elektrycznosci-na-bliskim-wschodzie-w-dubaju\/"]}]},{"@type":"ImageObject","inLanguage":"pl-PL","@id":"https:\/\/imefy.com\/pl\/imefy-byl-obecny-na-targach-elektrycznosci-na-bliskim-wschodzie-w-dubaju\/#primaryimage","url":"https:\/\/imefy.com\/wp-content\/uploads\/2025\/04\/Middle-East-Electricity-Dubai.jpg","contentUrl":"https:\/\/imefy.com\/wp-content\/uploads\/2025\/04\/Middle-East-Electricity-Dubai.jpg","width":1200,"height":630,"caption":"IMEFY participa en el Middle East Electricity de Dub\u00e1i"},{"@type":"BreadcrumbList","@id":"https:\/\/imefy.com\/pl\/imefy-byl-obecny-na-targach-elektrycznosci-na-bliskim-wschodzie-w-dubaju\/#breadcrumb","itemListElement":[{"@type":"ListItem","position":1,"name":"Portada","item":"https:\/\/imefy.com\/pl\/"},{"@type":"ListItem","position":2,"name":"IMEFY obecne na targach Middle East Electricity w Dubaju"}]},{"@type":"WebSite","@id":"\/#website","url":"\/","name":"IMEFY","description":"Fabricaci\u00f3n de transformadores de distribuci\u00f3n y potencia","potentialAction":[{"@type":"SearchAction","target":{"@type":"EntryPoint","urlTemplate":"\/?s={search_term_string}"},"query-input":{"@type":"PropertyValueSpecification","valueRequired":true,"valueName":"search_term_string"}}],"inLanguage":"pl-PL"},{"@type":"Person","@id":"\/#\/schema\/person\/499fc19124d91e01b34e4037e8253198","name":"jdiaz"}]}},"_links":{"self":[{"href":"https:\/\/imefy.com\/pl\/wp-json\/wp\/v2\/posts\/31286","targetHints":{"allow":["GET"]}}],"collection":[{"href":"https:\/\/imefy.com\/pl\/wp-json\/wp\/v2\/posts"}],"about":[{"href":"https:\/\/imefy.com\/pl\/wp-json\/wp\/v2\/types\/post"}],"author":[{"embeddable":true,"href":"https:\/\/imefy.com\/pl\/wp-json\/wp\/v2\/users\/10"}],"replies":[{"embeddable":true,"href":"https:\/\/imefy.com\/pl\/wp-json\/wp\/v2\/comments?post=31286"}],"version-history":[{"count":0,"href":"https:\/\/imefy.com\/pl\/wp-json\/wp\/v2\/posts\/31286\/revisions"}],"wp:featuredmedia":[{"embeddable":true,"href":"https:\/\/imefy.com\/pl\/wp-json\/wp\/v2\/media\/31264"}],"wp:attachment":[{"href":"https:\/\/imefy.com\/pl\/wp-json\/wp\/v2\/media?parent=31286"}],"wp:term":[{"taxonomy":"category","embeddable":true,"href":"https:\/\/imefy.com\/pl\/wp-json\/wp\/v2\/categories?post=31286"},{"taxonomy":"post_tag","embeddable":true,"href":"https:\/\/imefy.com\/pl\/wp-json\/wp\/v2\/tags?post=31286"}],"curies":[{"name":"wp","href":"https:\/\/api.w.org\/{rel}","templated":true}]}}