{"id":35323,"date":"2026-09-02T09:50:52","date_gmt":"2026-09-02T07:50:52","guid":{"rendered":"https:\/\/imefy.com\/?p=35323"},"modified":"2026-09-01T13:22:00","modified_gmt":"2026-09-01T11:22:00","slug":"imefy-srebrny-certyfikat-ecovadis","status":"publish","type":"post","link":"https:\/\/imefy.com\/pl\/imefy-srebrny-certyfikat-ecovadis\/","title":{"rendered":"IMEFY zdobywa srebrny certyfikat EcoVadis i plasuje si\u0119 w\u015br\u00f3d najbardziej zr\u00f3wnowa\u017conych przedsi\u0119biorstw na \u015bwiecie"},"content":{"rendered":"<p><strong>IMEFY<\/strong> osi\u0105gn\u0119\u0142o historyczny kamie\u0144 milowy w swoim zaanga\u017cowaniu na rzecz zr\u00f3wnowa\u017conego rozwoju, otrzymuj\u0105c w sierpniu 2026 <strong>r. srebrny certyfikat EcoVadis.<\/strong> Firma uzyska\u0142a og\u00f3lny wynik 75 na 100 punkt\u00f3w, co plasuje j\u0105 w 87. percentylu w swojej bran\u017cy.<\/p>\n<p>Wynik ten oficjalnie plasuje j\u0105 w\u015br\u00f3d 15% najlepiej ocenianych przedsi\u0119biorstw <strong>na \u015bwiecie pod wzgl\u0119dem spo\u0142ecznej odpowiedzialno\u015bci i zr\u00f3wnowa\u017conego rozwoju korporacyjnego.<\/strong> Osi\u0105gni\u0119cie to umacnia jej pozycj\u0119 lidera w bran\u017cy oraz zaanga\u017cowanie na rzecz przysz\u0142o\u015bci.<\/p>\n<h2>Czym jest EcoVadis i dlaczego to wyr\u00f3\u017cnienie ma tak wielk\u0105 warto\u015b\u0107?<\/h2>\n<p>EcoVadis to najbardziej uznana i ciesz\u0105ca si\u0119 najwi\u0119kszym zaufaniem na \u015bwiecie platforma oceniaj\u0105ca zr\u00f3wnowa\u017cony rozw\u00f3j w globalnych \u0142a\u0144cuchach dostaw. Jej metodologia opiera si\u0119 na mi\u0119dzynarodowych standardach, takich jak <strong>Global Reporting Initiative, Global Compact ONZ oraz norma ISO 26000.<\/strong><\/p>\n<p>Ponad 700 wiod\u0105cych mi\u0119dzynarodowych korporacji, w tym Toyota, Schneider Electric czy BASF, <strong>wykorzystuje ten certyfikat do wyboru swoich partner\u00f3w biznesowych.<\/strong> Dzi\u0119ki temu certyfikat EcoVadis w kategorii \u201eSrebrnej\u201d stanowi dla IMEFY gwarancj\u0119 zaufania na rynku mi\u0119dzynarodowym.<\/p>\n<h2>Filary doskona\u0142o\u015bci, dzi\u0119ki kt\u00f3rym IMEFY stanowi wz\u00f3r zr\u00f3wnowa\u017conego rozwoju<\/h2>\n<p>To wyr\u00f3\u017cnienie jest wynikiem znakomitych wynik\u00f3w w kluczowych obszarach ocenianych przez EcoVadis. <strong>IMEFY uzyska\u0142o 81 na 100 punkt\u00f3w w kategorii \u201e\u015arodowisko\u201d oraz 79 na 100 punkt\u00f3w<\/strong> w kategorii \u201eZr\u00f3wnowa\u017cone zakupy\u201d, co potwierdzaj\u0105 certyfikaty ISO 14001.<\/p>\n<p>Ponadto firma uzyska\u0142a ocen\u0119 na poziomie \u201eZaawansowanym\u201d w zakresie zarz\u0105dzania emisjami dwutlenku <strong>w\u0119gla dzi\u0119ki ilo\u015bciowym celom redukcji emisji gaz\u00f3w cieplarnianych w zakresach 1, 2 i 3,<\/strong> umacniaj\u0105c swoj\u0105 pozycj\u0119 jako przysz\u0142y lider bran\u017cowy.<\/p>\n","protected":false},"excerpt":{"rendered":"<p>IMEFY osi\u0105gn\u0119\u0142o historyczny kamie\u0144 milowy w swoim zaanga\u017cowaniu na rzecz zr\u00f3wnowa\u017conego rozwoju, otrzymuj\u0105c w sierpniu 2026 r. srebrny certyfikat EcoVadis. Firma uzyska\u0142a og\u00f3lny  [&#8230;]<\/p>\n","protected":false},"author":24,"featured_media":35322,"comment_status":"closed","ping_status":"closed","sticky":false,"template":"","format":"standard","meta":{"footnotes":""},"categories":[497,252],"tags":[],"class_list":["post-35323","post","type-post","status-publish","format-standard","has-post-thumbnail","hentry","category-2026-pl","category-rsc-pl"],"yoast_head":"<!-- This site is optimized with the Yoast SEO Premium plugin v28.3 (Yoast SEO v28.4) - https:\/\/yoast.com\/product\/yoast-seo-premium-wordpress\/ -->\n<title>IMEFY otrzymuje presti\u017cowy srebrny certyfikat EcoVadis<\/title>\n<meta name=\"description\" content=\"IMEFY zdobywa srebrny certyfikat EcoVadis i plasuje si\u0119 w\u015br\u00f3d 15% najbardziej zr\u00f3wnowa\u017conych i odpowiedzialnych przedsi\u0119biorstw na \u015bwiecie.\" \/>\n<meta name=\"robots\" content=\"index, follow, max-snippet:-1, max-image-preview:large, max-video-preview:-1\" \/>\n<link rel=\"canonical\" href=\"https:\/\/imefy.com\/pl\/imefy-srebrny-certyfikat-ecovadis\/\" \/>\n<meta property=\"og:locale\" content=\"pl_PL\" \/>\n<meta property=\"og:type\" content=\"article\" \/>\n<meta property=\"og:title\" content=\"IMEFY zdobywa srebrny certyfikat EcoVadis i plasuje si\u0119 w\u015br\u00f3d najbardziej zr\u00f3wnowa\u017conych przedsi\u0119biorstw na \u015bwiecie\" \/>\n<meta property=\"og:description\" content=\"IMEFY zdobywa srebrny certyfikat EcoVadis i plasuje si\u0119 w\u015br\u00f3d 15% najbardziej zr\u00f3wnowa\u017conych i odpowiedzialnych przedsi\u0119biorstw na \u015bwiecie.\" \/>\n<meta property=\"og:url\" content=\"https:\/\/imefy.com\/pl\/imefy-srebrny-certyfikat-ecovadis\/\" \/>\n<meta property=\"og:site_name\" content=\"IMEFY\" \/>\n<meta property=\"article:publisher\" content=\"https:\/\/www.facebook.com\/pages\/Imefy-Group\/852590684780185\" \/>\n<meta property=\"article:published_time\" content=\"2026-09-02T07:50:52+00:00\" \/>\n<meta property=\"og:image\" content=\"https:\/\/imefy.com\/wp-content\/uploads\/2026\/08\/imefy-sello-plata-ecovadis-sostenibilidad.jpg\" \/>\n\t<meta property=\"og:image:width\" content=\"1200\" \/>\n\t<meta property=\"og:image:height\" content=\"630\" \/>\n\t<meta property=\"og:image:type\" content=\"image\/jpeg\" \/>\n<meta name=\"author\" content=\"mlopez\" \/>\n<meta name=\"twitter:card\" content=\"summary_large_image\" \/>\n<meta name=\"twitter:creator\" content=\"@imefygroup\" \/>\n<meta name=\"twitter:site\" content=\"@imefygroup\" \/>\n<meta name=\"twitter:label1\" content=\"Napisane przez\" \/>\n\t<meta name=\"twitter:data1\" content=\"mlopez\" \/>\n\t<meta name=\"twitter:label2\" content=\"Szacowany czas czytania\" \/>\n\t<meta name=\"twitter:data2\" content=\"1 minuta\" \/>\n<script type=\"application\/ld+json\" class=\"yoast-schema-graph\">{\"@context\":\"https:\\\/\\\/schema.org\",\"@graph\":[{\"@type\":\"Article\",\"@id\":\"https:\\\/\\\/imefy.com\\\/pl\\\/imefy-srebrny-certyfikat-ecovadis\\\/#article\",\"isPartOf\":{\"@id\":\"https:\\\/\\\/imefy.com\\\/pl\\\/imefy-srebrny-certyfikat-ecovadis\\\/\"},\"author\":{\"name\":\"mlopez\",\"@id\":\"\\\/#\\\/schema\\\/person\\\/5c5293a0a754f8b8d7a5fc8b0efeda13\"},\"headline\":\"IMEFY zdobywa srebrny certyfikat EcoVadis i plasuje si\u0119 w\u015br\u00f3d najbardziej zr\u00f3wnowa\u017conych przedsi\u0119biorstw na \u015bwiecie\",\"datePublished\":\"2026-09-02T07:50:52+00:00\",\"mainEntityOfPage\":{\"@id\":\"https:\\\/\\\/imefy.com\\\/pl\\\/imefy-srebrny-certyfikat-ecovadis\\\/\"},\"wordCount\":296,\"image\":{\"@id\":\"https:\\\/\\\/imefy.com\\\/pl\\\/imefy-srebrny-certyfikat-ecovadis\\\/#primaryimage\"},\"thumbnailUrl\":\"https:\\\/\\\/imefy.com\\\/wp-content\\\/uploads\\\/2026\\\/08\\\/imefy-sello-plata-ecovadis-sostenibilidad.jpg\",\"articleSection\":[\"2026\",\"RSC\"],\"inLanguage\":\"pl-PL\"},{\"@type\":\"WebPage\",\"@id\":\"https:\\\/\\\/imefy.com\\\/pl\\\/imefy-srebrny-certyfikat-ecovadis\\\/\",\"url\":\"https:\\\/\\\/imefy.com\\\/pl\\\/imefy-srebrny-certyfikat-ecovadis\\\/\",\"name\":\"IMEFY otrzymuje presti\u017cowy srebrny certyfikat EcoVadis\",\"isPartOf\":{\"@id\":\"\\\/#website\"},\"primaryImageOfPage\":{\"@id\":\"https:\\\/\\\/imefy.com\\\/pl\\\/imefy-srebrny-certyfikat-ecovadis\\\/#primaryimage\"},\"image\":{\"@id\":\"https:\\\/\\\/imefy.com\\\/pl\\\/imefy-srebrny-certyfikat-ecovadis\\\/#primaryimage\"},\"thumbnailUrl\":\"https:\\\/\\\/imefy.com\\\/wp-content\\\/uploads\\\/2026\\\/08\\\/imefy-sello-plata-ecovadis-sostenibilidad.jpg\",\"datePublished\":\"2026-09-02T07:50:52+00:00\",\"author\":{\"@id\":\"\\\/#\\\/schema\\\/person\\\/5c5293a0a754f8b8d7a5fc8b0efeda13\"},\"description\":\"IMEFY zdobywa srebrny certyfikat EcoVadis i plasuje si\u0119 w\u015br\u00f3d 15% najbardziej zr\u00f3wnowa\u017conych i odpowiedzialnych przedsi\u0119biorstw na \u015bwiecie.\",\"breadcrumb\":{\"@id\":\"https:\\\/\\\/imefy.com\\\/pl\\\/imefy-srebrny-certyfikat-ecovadis\\\/#breadcrumb\"},\"inLanguage\":\"pl-PL\",\"potentialAction\":[{\"@type\":\"ReadAction\",\"target\":[\"https:\\\/\\\/imefy.com\\\/pl\\\/imefy-srebrny-certyfikat-ecovadis\\\/\"]}]},{\"@type\":\"ImageObject\",\"inLanguage\":\"pl-PL\",\"@id\":\"https:\\\/\\\/imefy.com\\\/pl\\\/imefy-srebrny-certyfikat-ecovadis\\\/#primaryimage\",\"url\":\"https:\\\/\\\/imefy.com\\\/wp-content\\\/uploads\\\/2026\\\/08\\\/imefy-sello-plata-ecovadis-sostenibilidad.jpg\",\"contentUrl\":\"https:\\\/\\\/imefy.com\\\/wp-content\\\/uploads\\\/2026\\\/08\\\/imefy-sello-plata-ecovadis-sostenibilidad.jpg\",\"width\":1200,\"height\":630,\"caption\":\"IMEFY logra el Sello Plata EcoVadis y se sit\u00faa entre las empresas m\u00e1s sostenibles del mundo.\"},{\"@type\":\"BreadcrumbList\",\"@id\":\"https:\\\/\\\/imefy.com\\\/pl\\\/imefy-srebrny-certyfikat-ecovadis\\\/#breadcrumb\",\"itemListElement\":[{\"@type\":\"ListItem\",\"position\":1,\"name\":\"Portada\",\"item\":\"https:\\\/\\\/imefy.com\\\/pl\\\/\"},{\"@type\":\"ListItem\",\"position\":2,\"name\":\"IMEFY zdobywa srebrny certyfikat EcoVadis i plasuje si\u0119 w\u015br\u00f3d najbardziej zr\u00f3wnowa\u017conych przedsi\u0119biorstw na \u015bwiecie\"}]},{\"@type\":\"WebSite\",\"@id\":\"\\\/#website\",\"url\":\"\\\/\",\"name\":\"IMEFY\",\"description\":\"Fabricaci\u00f3n de transformadores de distribuci\u00f3n y potencia\",\"potentialAction\":[{\"@type\":\"SearchAction\",\"target\":{\"@type\":\"EntryPoint\",\"urlTemplate\":\"\\\/?s={search_term_string}\"},\"query-input\":{\"@type\":\"PropertyValueSpecification\",\"valueRequired\":true,\"valueName\":\"search_term_string\"}}],\"inLanguage\":\"pl-PL\"},{\"@type\":\"Person\",\"@id\":\"\\\/#\\\/schema\\\/person\\\/5c5293a0a754f8b8d7a5fc8b0efeda13\",\"name\":\"mlopez\"}]}<\/script>\n<!-- \/ Yoast SEO Premium plugin. -->","yoast_head_json":{"title":"IMEFY otrzymuje presti\u017cowy srebrny certyfikat EcoVadis","description":"IMEFY zdobywa srebrny certyfikat EcoVadis i plasuje si\u0119 w\u015br\u00f3d 15% najbardziej zr\u00f3wnowa\u017conych i odpowiedzialnych przedsi\u0119biorstw na \u015bwiecie.","robots":{"index":"index","follow":"follow","max-snippet":"max-snippet:-1","max-image-preview":"max-image-preview:large","max-video-preview":"max-video-preview:-1"},"canonical":"https:\/\/imefy.com\/pl\/imefy-srebrny-certyfikat-ecovadis\/","og_locale":"pl_PL","og_type":"article","og_title":"IMEFY zdobywa srebrny certyfikat EcoVadis i plasuje si\u0119 w\u015br\u00f3d najbardziej zr\u00f3wnowa\u017conych przedsi\u0119biorstw na \u015bwiecie","og_description":"IMEFY zdobywa srebrny certyfikat EcoVadis i plasuje si\u0119 w\u015br\u00f3d 15% najbardziej zr\u00f3wnowa\u017conych i odpowiedzialnych przedsi\u0119biorstw na \u015bwiecie.","og_url":"https:\/\/imefy.com\/pl\/imefy-srebrny-certyfikat-ecovadis\/","og_site_name":"IMEFY","article_publisher":"https:\/\/www.facebook.com\/pages\/Imefy-Group\/852590684780185","article_published_time":"2026-09-02T07:50:52+00:00","og_image":[{"width":1200,"height":630,"url":"https:\/\/imefy.com\/wp-content\/uploads\/2026\/08\/imefy-sello-plata-ecovadis-sostenibilidad.jpg","type":"image\/jpeg"}],"author":"mlopez","twitter_card":"summary_large_image","twitter_creator":"@imefygroup","twitter_site":"@imefygroup","twitter_misc":{"Napisane przez":"mlopez","Szacowany czas czytania":"1 minuta"},"schema":{"@context":"https:\/\/schema.org","@graph":[{"@type":"Article","@id":"https:\/\/imefy.com\/pl\/imefy-srebrny-certyfikat-ecovadis\/#article","isPartOf":{"@id":"https:\/\/imefy.com\/pl\/imefy-srebrny-certyfikat-ecovadis\/"},"author":{"name":"mlopez","@id":"\/#\/schema\/person\/5c5293a0a754f8b8d7a5fc8b0efeda13"},"headline":"IMEFY zdobywa srebrny certyfikat EcoVadis i plasuje si\u0119 w\u015br\u00f3d najbardziej zr\u00f3wnowa\u017conych przedsi\u0119biorstw na \u015bwiecie","datePublished":"2026-09-02T07:50:52+00:00","mainEntityOfPage":{"@id":"https:\/\/imefy.com\/pl\/imefy-srebrny-certyfikat-ecovadis\/"},"wordCount":296,"image":{"@id":"https:\/\/imefy.com\/pl\/imefy-srebrny-certyfikat-ecovadis\/#primaryimage"},"thumbnailUrl":"https:\/\/imefy.com\/wp-content\/uploads\/2026\/08\/imefy-sello-plata-ecovadis-sostenibilidad.jpg","articleSection":["2026","RSC"],"inLanguage":"pl-PL"},{"@type":"WebPage","@id":"https:\/\/imefy.com\/pl\/imefy-srebrny-certyfikat-ecovadis\/","url":"https:\/\/imefy.com\/pl\/imefy-srebrny-certyfikat-ecovadis\/","name":"IMEFY otrzymuje presti\u017cowy srebrny certyfikat EcoVadis","isPartOf":{"@id":"\/#website"},"primaryImageOfPage":{"@id":"https:\/\/imefy.com\/pl\/imefy-srebrny-certyfikat-ecovadis\/#primaryimage"},"image":{"@id":"https:\/\/imefy.com\/pl\/imefy-srebrny-certyfikat-ecovadis\/#primaryimage"},"thumbnailUrl":"https:\/\/imefy.com\/wp-content\/uploads\/2026\/08\/imefy-sello-plata-ecovadis-sostenibilidad.jpg","datePublished":"2026-09-02T07:50:52+00:00","author":{"@id":"\/#\/schema\/person\/5c5293a0a754f8b8d7a5fc8b0efeda13"},"description":"IMEFY zdobywa srebrny certyfikat EcoVadis i plasuje si\u0119 w\u015br\u00f3d 15% najbardziej zr\u00f3wnowa\u017conych i odpowiedzialnych przedsi\u0119biorstw na \u015bwiecie.","breadcrumb":{"@id":"https:\/\/imefy.com\/pl\/imefy-srebrny-certyfikat-ecovadis\/#breadcrumb"},"inLanguage":"pl-PL","potentialAction":[{"@type":"ReadAction","target":["https:\/\/imefy.com\/pl\/imefy-srebrny-certyfikat-ecovadis\/"]}]},{"@type":"ImageObject","inLanguage":"pl-PL","@id":"https:\/\/imefy.com\/pl\/imefy-srebrny-certyfikat-ecovadis\/#primaryimage","url":"https:\/\/imefy.com\/wp-content\/uploads\/2026\/08\/imefy-sello-plata-ecovadis-sostenibilidad.jpg","contentUrl":"https:\/\/imefy.com\/wp-content\/uploads\/2026\/08\/imefy-sello-plata-ecovadis-sostenibilidad.jpg","width":1200,"height":630,"caption":"IMEFY logra el Sello Plata EcoVadis y se sit\u00faa entre las empresas m\u00e1s sostenibles del mundo."},{"@type":"BreadcrumbList","@id":"https:\/\/imefy.com\/pl\/imefy-srebrny-certyfikat-ecovadis\/#breadcrumb","itemListElement":[{"@type":"ListItem","position":1,"name":"Portada","item":"https:\/\/imefy.com\/pl\/"},{"@type":"ListItem","position":2,"name":"IMEFY zdobywa srebrny certyfikat EcoVadis i plasuje si\u0119 w\u015br\u00f3d najbardziej zr\u00f3wnowa\u017conych przedsi\u0119biorstw na \u015bwiecie"}]},{"@type":"WebSite","@id":"\/#website","url":"\/","name":"IMEFY","description":"Fabricaci\u00f3n de transformadores de distribuci\u00f3n y potencia","potentialAction":[{"@type":"SearchAction","target":{"@type":"EntryPoint","urlTemplate":"\/?s={search_term_string}"},"query-input":{"@type":"PropertyValueSpecification","valueRequired":true,"valueName":"search_term_string"}}],"inLanguage":"pl-PL"},{"@type":"Person","@id":"\/#\/schema\/person\/5c5293a0a754f8b8d7a5fc8b0efeda13","name":"mlopez"}]}},"_links":{"self":[{"href":"https:\/\/imefy.com\/pl\/wp-json\/wp\/v2\/posts\/35323","targetHints":{"allow":["GET"]}}],"collection":[{"href":"https:\/\/imefy.com\/pl\/wp-json\/wp\/v2\/posts"}],"about":[{"href":"https:\/\/imefy.com\/pl\/wp-json\/wp\/v2\/types\/post"}],"author":[{"embeddable":true,"href":"https:\/\/imefy.com\/pl\/wp-json\/wp\/v2\/users\/24"}],"replies":[{"embeddable":true,"href":"https:\/\/imefy.com\/pl\/wp-json\/wp\/v2\/comments?post=35323"}],"version-history":[{"count":1,"href":"https:\/\/imefy.com\/pl\/wp-json\/wp\/v2\/posts\/35323\/revisions"}],"predecessor-version":[{"id":35324,"href":"https:\/\/imefy.com\/pl\/wp-json\/wp\/v2\/posts\/35323\/revisions\/35324"}],"wp:featuredmedia":[{"embeddable":true,"href":"https:\/\/imefy.com\/pl\/wp-json\/wp\/v2\/media\/35322"}],"wp:attachment":[{"href":"https:\/\/imefy.com\/pl\/wp-json\/wp\/v2\/media?parent=35323"}],"wp:term":[{"taxonomy":"category","embeddable":true,"href":"https:\/\/imefy.com\/pl\/wp-json\/wp\/v2\/categories?post=35323"},{"taxonomy":"post_tag","embeddable":true,"href":"https:\/\/imefy.com\/pl\/wp-json\/wp\/v2\/tags?post=35323"}],"curies":[{"name":"wp","href":"https:\/\/api.w.org\/{rel}","templated":true}]}}